{"id":4892,"date":"2021-06-30T11:29:08","date_gmt":"2021-06-30T09:29:08","guid":{"rendered":"https:\/\/www.baumaniere.com\/gastronomic-restaurant-in-les-alpilles\/"},"modified":"2023-09-15T15:49:27","modified_gmt":"2023-09-15T13:49:27","slug":"gastronomic-restaurant-in-les-alpilles","status":"publish","type":"post","link":"https:\/\/www.baumaniere.com\/en\/gastronomy\/gastronomic-restaurant-in-les-alpilles\/","title":{"rendered":"Gastronomic restaurant in les Alpilles"},"content":{"rendered":"<p>[et_pb_section fb_built=&#8221;1&#8243; _builder_version=&#8221;4.16&#8243; _module_preset=&#8221;default&#8221; da_disable_devices=&#8221;off|off|off&#8221; global_colors_info=&#8221;{}&#8221; da_is_popup=&#8221;off&#8221; da_exit_intent=&#8221;off&#8221; da_has_close=&#8221;on&#8221; da_alt_close=&#8221;off&#8221; da_dark_close=&#8221;off&#8221; da_not_modal=&#8221;on&#8221; da_is_singular=&#8221;off&#8221; da_with_loader=&#8221;off&#8221; da_has_shadow=&#8221;on&#8221;][et_pb_row column_structure=&#8221;3_4,1_4&#8243; use_custom_gutter=&#8221;on&#8221; module_class=&#8221;col-resp-wrapper&#8221; _builder_version=&#8221;4.16&#8243; _module_preset=&#8221;default&#8221; width=&#8221;90%&#8221; max_width=&#8221;90%&#8221; module_alignment=&#8221;left&#8221; global_colors_info=&#8221;{}&#8221;][et_pb_column type=&#8221;3_4&#8243; _builder_version=&#8221;4.16&#8243; _module_preset=&#8221;default&#8221; global_colors_info=&#8221;{}&#8221;][et_pb_image src=&#8221;https:\/\/www.baumaniere.com\/wp-content\/uploads\/2021\/11\/40_bauman_gvoinot-HD-scaled.jpg&#8221; title_text=&#8221;Baumani\u00e8res&#8221; show_in_lightbox=&#8221;on&#8221; use_overlay=&#8221;on&#8221; overlay_icon_color=&#8221;#FFFFFF&#8221; hover_overlay_color=&#8221;RGBA(0,0,0,0)&#8221; hover_icon=&#8221;&#x31;||divi||400&#8243; _builder_version=&#8221;4.22.1&#8243; _module_preset=&#8221;default&#8221; scroll_fade=&#8221;0|50|50|100|0%|100|100&#8243; hover_enabled=&#8221;0&#8243; global_colors_info=&#8221;{}&#8221; alt=&#8221;Salle restaurant Oustau de Baumaniere&#8221; sticky_enabled=&#8221;0&#8243;][\/et_pb_image][\/et_pb_column][et_pb_column type=&#8221;1_4&#8243; module_id=&#8221;reservationSEO&#8221; module_class=&#8221;sticky&#8221; _builder_version=&#8221;4.16&#8243; _module_preset=&#8221;default&#8221; global_colors_info=&#8221;{}&#8221;][et_pb_button button_url=&#8221;https:\/\/www.baumaniereboutique.com\/en\/product-category\/boxed-set\/&#8221; url_new_window=&#8221;on&#8221; button_text=&#8221;Offer a meal&#8221; admin_label=&#8221;Bouton Offrir OUSTAU&#8221; _builder_version=&#8221;4.21.0&#8243; _module_preset=&#8221;default&#8221; global_module=&#8221;2368&#8243; saved_tabs=&#8221;all&#8221; global_colors_info=&#8221;{}&#8221;][\/et_pb_button][et_pb_button button_url=&#8221;https:\/\/ib.guestonline.fr\/instabook\/bookings\/E1whzwH\/selection&#8221; url_new_window=&#8221;on&#8221; button_text=&#8221;R\u00e9server \u00e0 L&#8217;Oustau de Baumani\u00e8re***&#8221; admin_label=&#8221;Bouton R\u00e9server OUSTAU&#8221; _builder_version=&#8221;4.19.5&#8243; _module_preset=&#8221;default&#8221; global_module=&#8221;2369&#8243; saved_tabs=&#8221;all&#8221; global_colors_info=&#8221;{}&#8221;][\/et_pb_button][\/et_pb_column][\/et_pb_row][\/et_pb_section][et_pb_section fb_built=&#8221;1&#8243; _builder_version=&#8221;4.16&#8243; _module_preset=&#8221;default&#8221; da_disable_devices=&#8221;off|off|off&#8221; global_colors_info=&#8221;{}&#8221; da_is_popup=&#8221;off&#8221; da_exit_intent=&#8221;off&#8221; da_has_close=&#8221;on&#8221; da_alt_close=&#8221;off&#8221; da_dark_close=&#8221;off&#8221; da_not_modal=&#8221;on&#8221; da_is_singular=&#8221;off&#8221; da_with_loader=&#8221;off&#8221; da_has_shadow=&#8221;on&#8221;][et_pb_row module_class=&#8221;container-p-sticky container-classic&#8221; _builder_version=&#8221;4.16&#8243; _module_preset=&#8221;default&#8221; width=&#8221;70%&#8221; global_colors_info=&#8221;{}&#8221;][et_pb_column type=&#8221;4_4&#8243; _builder_version=&#8221;4.16&#8243; _module_preset=&#8221;default&#8221; global_colors_info=&#8221;{}&#8221;][et_pb_text admin_label=&#8221;H2&#8243; _builder_version=&#8221;4.16&#8243; _module_preset=&#8221;default&#8221; text_text_color=&#8221;#393939&#8243; text_font_size=&#8221;45px&#8221; header_2_font=&#8221;Cormorant Garamond||||||||&#8221; header_2_font_size=&#8221;45px&#8221; custom_margin=&#8221;||30px||false|false&#8221; global_colors_info=&#8221;{}&#8221;]<\/p>\n<h2>A unique environment<\/h2>\n<p>[\/et_pb_text][et_pb_text _builder_version=&#8221;4.16&#8243; _module_preset=&#8221;default&#8221; global_colors_info=&#8221;{}&#8221;]<\/p>\n<p>At the gateway to the <a href=\"https:\/\/www.baumaniere.com\/en\/activities\/the-camargue\/\">Camargue<\/a>, the city of Arles lies in the middle of vast natural areas grouped together in different categories: you will find in the North the Tr\u00e9bon plain and <a href=\"https:\/\/www.baumaniere.com\/en\/activities\/the-alpilles\/\">the Alpilles<\/a>, while in the East, you will find the Crau and the South, the Camargue.<\/p>\n<p>Arles is a beautiful place to relax and change your mind and discover another facade of Provence, that of bulls, wild horses, manades and gardians. And it is a few kilometers from the city that you will find an institution of Proven\u00e7al gastronomy: <a href=\"https:\/\/www.baumaniere.com\/en\/gastronomy\/loustau-de-baumaniere\/\">l&#8217;Oustau de Baumani\u00e8re<\/a>.<\/p>\n<p>[\/et_pb_text][et_pb_text admin_label=&#8221;H2&#8243; _builder_version=&#8221;4.16&#8243; _module_preset=&#8221;default&#8221; text_text_color=&#8221;#393939&#8243; text_font_size=&#8221;45px&#8221; header_2_font=&#8221;Cormorant Garamond||||||||&#8221; header_2_font_size=&#8221;45px&#8221; custom_margin=&#8221;40px||30px||false|false&#8221; global_colors_info=&#8221;{}&#8221;]<\/p>\n<h2>An exceptional house<\/h2>\n<p>[\/et_pb_text][et_pb_text _builder_version=&#8221;4.16&#8243; _module_preset=&#8221;default&#8221; global_colors_info=&#8221;{}&#8221;]<\/p>\n<p><a href=\"https:\/\/www.baumaniere.com\/en\/accommodation\/\">Baumani\u00e8re Les Baux-de-Provence<\/a> is a gastronomic and hotel establishment with an elegant and unique atmosphere. A stay in this five-star hotel in Provence will give you the opportunity to learn the art of living in the Mediterranean.<\/p>\n<p>This authentic place has long attracted personalities from different backgrounds: Mireille Darc, Jean Reno, Bono and Hugh Grant and many others.<\/p>\n<p>Your stay at Les Baux de Provence, you will see comfortably installed in the middle of the unique environment of <a href=\"https:\/\/www.baumaniere.com\/en\/activities\/the-alpilles\/\">the Alpilles<\/a>. It is in this exceptional setting that you will be served and pampered by a staff that is both attentive and discreet.<\/p>\n<p>[\/et_pb_text][et_pb_text admin_label=&#8221;H2&#8243; _builder_version=&#8221;4.16&#8243; _module_preset=&#8221;default&#8221; text_text_color=&#8221;#393939&#8243; text_font_size=&#8221;45px&#8221; header_2_font=&#8221;Cormorant Garamond||||||||&#8221; header_2_font_size=&#8221;45px&#8221; custom_margin=&#8221;40px||30px||false|false&#8221; global_colors_info=&#8221;{}&#8221;]<\/p>\n<h2>A reputable table<\/h2>\n<p>[\/et_pb_text][et_pb_text _builder_version=&#8221;4.16&#8243; _module_preset=&#8221;default&#8221; global_colors_info=&#8221;{}&#8221;]<\/p>\n<p>In the middle of the exceptional setting of Les Baux-de-Provence, <a href=\"https:\/\/www.baumaniere.com\/en\/gastronomy\/loustau-de-baumaniere\/\">l&#8217;Oustau Baumani\u00e8re<\/a> chef, Glenn Viel, prepares tasty dishes just like Proven\u00e7al terroir.<\/p>\n<p>The kitchens of <a href=\"https:\/\/www.baumaniere.com\/en\/gastronomy\/loustau-de-baumaniere\/\">l&#8217;Oustau de Baumani\u00e8re<\/a> offer you a fine and authentic culinary art whose culmination could be the tasting of one of the great wines of <a href=\"https:\/\/www.baumaniere.com\/en\/gastronomy\/wine-cellar-wine-tasting\/wine-cellar-of-baumaniere\/\">the cellar<\/a> of Jean-Andr\u00e9 Charial, master of the house in Baumani\u00e8re.<\/p>\n<p>[\/et_pb_text][\/et_pb_column][\/et_pb_row][\/et_pb_section][et_pb_section fb_built=&#8221;1&#8243; admin_label=&#8221;stop-sticky NE PAS SUPPRIMER&#8221; module_class=&#8221;stop-sticky&#8221; _builder_version=&#8221;4.9.1&#8243; _module_preset=&#8221;default&#8221; custom_padding=&#8221;0px||0px||false|false&#8221; da_disable_devices=&#8221;off|off|off&#8221; global_module=&#8221;11442&#8243; collapsed=&#8221;on&#8221; global_colors_info=&#8221;{}&#8221; da_is_popup=&#8221;off&#8221; da_exit_intent=&#8221;off&#8221; da_has_close=&#8221;on&#8221; da_alt_close=&#8221;off&#8221; da_dark_close=&#8221;off&#8221; da_not_modal=&#8221;on&#8221; da_is_singular=&#8221;off&#8221; da_with_loader=&#8221;off&#8221; da_has_shadow=&#8221;on&#8221;][et_pb_row _builder_version=&#8221;4.16&#8243; _module_preset=&#8221;default&#8221; global_colors_info=&#8221;{}&#8221;][et_pb_column type=&#8221;4_4&#8243; _builder_version=&#8221;4.16&#8243; _module_preset=&#8221;default&#8221; global_colors_info=&#8221;{}&#8221;][et_pb_divider show_divider=&#8221;off&#8221; _builder_version=&#8221;4.16&#8243; _module_preset=&#8221;default&#8221; height=&#8221;1px&#8221; max_height=&#8221;1px&#8221; global_colors_info=&#8221;{}&#8221;][\/et_pb_divider][\/et_pb_column][\/et_pb_row][\/et_pb_section]<\/p>\n","protected":false},"excerpt":{"rendered":"<p>A unique environmentAt the gateway to the Camargue, the city of Arles lies in the middle of vast natural areas grouped together in different categories: you will find in the North the Tr\u00e9bon plain and the Alpilles, while in the East, you will find the Crau and the South, the Camargue. Arles is a beautiful [&hellip;]<\/p>\n","protected":false},"author":3,"featured_media":0,"comment_status":"closed","ping_status":"closed","sticky":false,"template":"","format":"standard","meta":{"_acf_changed":false,"_et_pb_use_builder":"on","_et_pb_old_content":"","_et_gb_content_width":"","footnotes":""},"categories":[68],"tags":[],"class_list":["post-4892","post","type-post","status-publish","format-standard","hentry","category-gastronomy"],"acf":[],"yoast_head":"<!-- This site is optimized with the Yoast SEO plugin v27.3 - https:\/\/yoast.com\/product\/yoast-seo-wordpress\/ -->\n<title>~Gastronomic restaurant les Alpilles | Baumaniere<\/title>\n<meta name=\"description\" content=\"OFFICIAL WEBSITE - Treat yourself to the gastronomic cuisine of its Chef Michel Hulin and its passion for fresh produces of Provence. BEST AVAILABLE RATES\" \/>\n<meta name=\"robots\" content=\"index, follow, max-snippet:-1, max-image-preview:large, max-video-preview:-1\" \/>\n<link rel=\"canonical\" href=\"https:\/\/www.baumaniere.com\/en\/gastronomy\/gastronomic-restaurant-in-les-alpilles\/\" \/>\n<meta property=\"og:locale\" content=\"en_US\" \/>\n<meta property=\"og:type\" content=\"article\" \/>\n<meta property=\"og:title\" content=\"~Gastronomic restaurant les Alpilles | Baumaniere\" \/>\n<meta property=\"og:description\" content=\"OFFICIAL WEBSITE - Treat yourself to the gastronomic cuisine of its Chef Michel Hulin and its passion for fresh produces of Provence. BEST AVAILABLE RATES\" \/>\n<meta property=\"og:url\" content=\"https:\/\/www.baumaniere.com\/en\/gastronomy\/gastronomic-restaurant-in-les-alpilles\/\" \/>\n<meta property=\"og:site_name\" content=\"Baumani\u00e8re\" \/>\n<meta property=\"article:published_time\" content=\"2021-06-30T09:29:08+00:00\" \/>\n<meta property=\"article:modified_time\" content=\"2023-09-15T13:49:27+00:00\" \/>\n<meta property=\"og:image\" content=\"https:\/\/www.baumaniere.com\/wp-content\/uploads\/logo_opengraph.jpg\" \/>\n\t<meta property=\"og:image:width\" content=\"1920\" \/>\n\t<meta property=\"og:image:height\" content=\"905\" \/>\n\t<meta property=\"og:image:type\" content=\"image\/jpeg\" \/>\n<meta name=\"author\" content=\"admin_contenu\" \/>\n<meta name=\"twitter:card\" content=\"summary_large_image\" \/>\n<meta name=\"twitter:label1\" content=\"Written by\" \/>\n\t<meta name=\"twitter:data1\" content=\"admin_contenu\" \/>\n\t<meta name=\"twitter:label2\" content=\"Est. reading time\" \/>\n\t<meta name=\"twitter:data2\" content=\"5 minutes\" \/>\n<script type=\"application\/ld+json\" class=\"yoast-schema-graph\">{\"@context\":\"https:\\\/\\\/schema.org\",\"@graph\":[{\"@type\":\"Article\",\"@id\":\"https:\\\/\\\/www.baumaniere.com\\\/en\\\/gastronomy\\\/gastronomic-restaurant-in-les-alpilles\\\/#article\",\"isPartOf\":{\"@id\":\"https:\\\/\\\/www.baumaniere.com\\\/en\\\/gastronomy\\\/gastronomic-restaurant-in-les-alpilles\\\/\"},\"author\":{\"name\":\"admin_contenu\",\"@id\":\"https:\\\/\\\/www.baumaniere.com\\\/en\\\/#\\\/schema\\\/person\\\/79b59fdecf1339a37f62674899bf7bf2\"},\"headline\":\"Gastronomic restaurant in les Alpilles\",\"datePublished\":\"2021-06-30T09:29:08+00:00\",\"dateModified\":\"2023-09-15T13:49:27+00:00\",\"mainEntityOfPage\":{\"@id\":\"https:\\\/\\\/www.baumaniere.com\\\/en\\\/gastronomy\\\/gastronomic-restaurant-in-les-alpilles\\\/\"},\"wordCount\":926,\"publisher\":{\"@id\":\"https:\\\/\\\/www.baumaniere.com\\\/en\\\/#organization\"},\"articleSection\":[\"Gastronomy\"],\"inLanguage\":\"en-US\"},{\"@type\":\"WebPage\",\"@id\":\"https:\\\/\\\/www.baumaniere.com\\\/en\\\/gastronomy\\\/gastronomic-restaurant-in-les-alpilles\\\/\",\"url\":\"https:\\\/\\\/www.baumaniere.com\\\/en\\\/gastronomy\\\/gastronomic-restaurant-in-les-alpilles\\\/\",\"name\":\"~Gastronomic restaurant les Alpilles | Baumaniere\",\"isPartOf\":{\"@id\":\"https:\\\/\\\/www.baumaniere.com\\\/en\\\/#website\"},\"datePublished\":\"2021-06-30T09:29:08+00:00\",\"dateModified\":\"2023-09-15T13:49:27+00:00\",\"description\":\"OFFICIAL WEBSITE - Treat yourself to the gastronomic cuisine of its Chef Michel Hulin and its passion for fresh produces of Provence. BEST AVAILABLE RATES\",\"breadcrumb\":{\"@id\":\"https:\\\/\\\/www.baumaniere.com\\\/en\\\/gastronomy\\\/gastronomic-restaurant-in-les-alpilles\\\/#breadcrumb\"},\"inLanguage\":\"en-US\",\"potentialAction\":[{\"@type\":\"ReadAction\",\"target\":[\"https:\\\/\\\/www.baumaniere.com\\\/en\\\/gastronomy\\\/gastronomic-restaurant-in-les-alpilles\\\/\"]}]},{\"@type\":\"BreadcrumbList\",\"@id\":\"https:\\\/\\\/www.baumaniere.com\\\/en\\\/gastronomy\\\/gastronomic-restaurant-in-les-alpilles\\\/#breadcrumb\",\"itemListElement\":[{\"@type\":\"ListItem\",\"position\":1,\"name\":\"Accueil\",\"item\":\"https:\\\/\\\/www.baumaniere.com\\\/en\\\/\"},{\"@type\":\"ListItem\",\"position\":2,\"name\":\"Gastronomy\",\"item\":\"https:\\\/\\\/www.baumaniere.com\\\/en\\\/category\\\/gastronomy\\\/\"},{\"@type\":\"ListItem\",\"position\":3,\"name\":\"Gastronomic restaurant in les Alpilles\"}]},{\"@type\":\"WebSite\",\"@id\":\"https:\\\/\\\/www.baumaniere.com\\\/en\\\/#website\",\"url\":\"https:\\\/\\\/www.baumaniere.com\\\/en\\\/\",\"name\":\"Baumani\u00e8re\",\"description\":\"Les Baux de Provence\",\"publisher\":{\"@id\":\"https:\\\/\\\/www.baumaniere.com\\\/en\\\/#organization\"},\"potentialAction\":[{\"@type\":\"SearchAction\",\"target\":{\"@type\":\"EntryPoint\",\"urlTemplate\":\"https:\\\/\\\/www.baumaniere.com\\\/en\\\/?s={search_term_string}\"},\"query-input\":{\"@type\":\"PropertyValueSpecification\",\"valueRequired\":true,\"valueName\":\"search_term_string\"}}],\"inLanguage\":\"en-US\"},{\"@type\":\"Organization\",\"@id\":\"https:\\\/\\\/www.baumaniere.com\\\/en\\\/#organization\",\"name\":\"Baumani\u00e8re\",\"url\":\"https:\\\/\\\/www.baumaniere.com\\\/en\\\/\",\"logo\":{\"@type\":\"ImageObject\",\"inLanguage\":\"en-US\",\"@id\":\"https:\\\/\\\/www.baumaniere.com\\\/en\\\/#\\\/schema\\\/logo\\\/image\\\/\",\"url\":\"https:\\\/\\\/www.baumaniere.com\\\/wp-content\\\/uploads\\\/logo_opengraph.jpg\",\"contentUrl\":\"https:\\\/\\\/www.baumaniere.com\\\/wp-content\\\/uploads\\\/logo_opengraph.jpg\",\"width\":1920,\"height\":905,\"caption\":\"Baumani\u00e8re\"},\"image\":{\"@id\":\"https:\\\/\\\/www.baumaniere.com\\\/en\\\/#\\\/schema\\\/logo\\\/image\\\/\"}},{\"@type\":\"Person\",\"@id\":\"https:\\\/\\\/www.baumaniere.com\\\/en\\\/#\\\/schema\\\/person\\\/79b59fdecf1339a37f62674899bf7bf2\",\"name\":\"admin_contenu\"}]}<\/script>\n<!-- \/ Yoast SEO plugin. -->","yoast_head_json":{"title":"~Gastronomic restaurant les Alpilles | Baumaniere","description":"OFFICIAL WEBSITE - Treat yourself to the gastronomic cuisine of its Chef Michel Hulin and its passion for fresh produces of Provence. BEST AVAILABLE RATES","robots":{"index":"index","follow":"follow","max-snippet":"max-snippet:-1","max-image-preview":"max-image-preview:large","max-video-preview":"max-video-preview:-1"},"canonical":"https:\/\/www.baumaniere.com\/en\/gastronomy\/gastronomic-restaurant-in-les-alpilles\/","og_locale":"en_US","og_type":"article","og_title":"~Gastronomic restaurant les Alpilles | Baumaniere","og_description":"OFFICIAL WEBSITE - Treat yourself to the gastronomic cuisine of its Chef Michel Hulin and its passion for fresh produces of Provence. BEST AVAILABLE RATES","og_url":"https:\/\/www.baumaniere.com\/en\/gastronomy\/gastronomic-restaurant-in-les-alpilles\/","og_site_name":"Baumani\u00e8re","article_published_time":"2021-06-30T09:29:08+00:00","article_modified_time":"2023-09-15T13:49:27+00:00","og_image":[{"width":1920,"height":905,"url":"https:\/\/www.baumaniere.com\/wp-content\/uploads\/logo_opengraph.jpg","type":"image\/jpeg"}],"author":"admin_contenu","twitter_card":"summary_large_image","twitter_misc":{"Written by":"admin_contenu","Est. reading time":"5 minutes"},"schema":{"@context":"https:\/\/schema.org","@graph":[{"@type":"Article","@id":"https:\/\/www.baumaniere.com\/en\/gastronomy\/gastronomic-restaurant-in-les-alpilles\/#article","isPartOf":{"@id":"https:\/\/www.baumaniere.com\/en\/gastronomy\/gastronomic-restaurant-in-les-alpilles\/"},"author":{"name":"admin_contenu","@id":"https:\/\/www.baumaniere.com\/en\/#\/schema\/person\/79b59fdecf1339a37f62674899bf7bf2"},"headline":"Gastronomic restaurant in les Alpilles","datePublished":"2021-06-30T09:29:08+00:00","dateModified":"2023-09-15T13:49:27+00:00","mainEntityOfPage":{"@id":"https:\/\/www.baumaniere.com\/en\/gastronomy\/gastronomic-restaurant-in-les-alpilles\/"},"wordCount":926,"publisher":{"@id":"https:\/\/www.baumaniere.com\/en\/#organization"},"articleSection":["Gastronomy"],"inLanguage":"en-US"},{"@type":"WebPage","@id":"https:\/\/www.baumaniere.com\/en\/gastronomy\/gastronomic-restaurant-in-les-alpilles\/","url":"https:\/\/www.baumaniere.com\/en\/gastronomy\/gastronomic-restaurant-in-les-alpilles\/","name":"~Gastronomic restaurant les Alpilles | Baumaniere","isPartOf":{"@id":"https:\/\/www.baumaniere.com\/en\/#website"},"datePublished":"2021-06-30T09:29:08+00:00","dateModified":"2023-09-15T13:49:27+00:00","description":"OFFICIAL WEBSITE - Treat yourself to the gastronomic cuisine of its Chef Michel Hulin and its passion for fresh produces of Provence. BEST AVAILABLE RATES","breadcrumb":{"@id":"https:\/\/www.baumaniere.com\/en\/gastronomy\/gastronomic-restaurant-in-les-alpilles\/#breadcrumb"},"inLanguage":"en-US","potentialAction":[{"@type":"ReadAction","target":["https:\/\/www.baumaniere.com\/en\/gastronomy\/gastronomic-restaurant-in-les-alpilles\/"]}]},{"@type":"BreadcrumbList","@id":"https:\/\/www.baumaniere.com\/en\/gastronomy\/gastronomic-restaurant-in-les-alpilles\/#breadcrumb","itemListElement":[{"@type":"ListItem","position":1,"name":"Accueil","item":"https:\/\/www.baumaniere.com\/en\/"},{"@type":"ListItem","position":2,"name":"Gastronomy","item":"https:\/\/www.baumaniere.com\/en\/category\/gastronomy\/"},{"@type":"ListItem","position":3,"name":"Gastronomic restaurant in les Alpilles"}]},{"@type":"WebSite","@id":"https:\/\/www.baumaniere.com\/en\/#website","url":"https:\/\/www.baumaniere.com\/en\/","name":"Baumani\u00e8re","description":"Les Baux de Provence","publisher":{"@id":"https:\/\/www.baumaniere.com\/en\/#organization"},"potentialAction":[{"@type":"SearchAction","target":{"@type":"EntryPoint","urlTemplate":"https:\/\/www.baumaniere.com\/en\/?s={search_term_string}"},"query-input":{"@type":"PropertyValueSpecification","valueRequired":true,"valueName":"search_term_string"}}],"inLanguage":"en-US"},{"@type":"Organization","@id":"https:\/\/www.baumaniere.com\/en\/#organization","name":"Baumani\u00e8re","url":"https:\/\/www.baumaniere.com\/en\/","logo":{"@type":"ImageObject","inLanguage":"en-US","@id":"https:\/\/www.baumaniere.com\/en\/#\/schema\/logo\/image\/","url":"https:\/\/www.baumaniere.com\/wp-content\/uploads\/logo_opengraph.jpg","contentUrl":"https:\/\/www.baumaniere.com\/wp-content\/uploads\/logo_opengraph.jpg","width":1920,"height":905,"caption":"Baumani\u00e8re"},"image":{"@id":"https:\/\/www.baumaniere.com\/en\/#\/schema\/logo\/image\/"}},{"@type":"Person","@id":"https:\/\/www.baumaniere.com\/en\/#\/schema\/person\/79b59fdecf1339a37f62674899bf7bf2","name":"admin_contenu"}]}},"_links":{"self":[{"href":"https:\/\/www.baumaniere.com\/en\/wp-json\/wp\/v2\/posts\/4892","targetHints":{"allow":["GET"]}}],"collection":[{"href":"https:\/\/www.baumaniere.com\/en\/wp-json\/wp\/v2\/posts"}],"about":[{"href":"https:\/\/www.baumaniere.com\/en\/wp-json\/wp\/v2\/types\/post"}],"author":[{"embeddable":true,"href":"https:\/\/www.baumaniere.com\/en\/wp-json\/wp\/v2\/users\/3"}],"replies":[{"embeddable":true,"href":"https:\/\/www.baumaniere.com\/en\/wp-json\/wp\/v2\/comments?post=4892"}],"version-history":[{"count":13,"href":"https:\/\/www.baumaniere.com\/en\/wp-json\/wp\/v2\/posts\/4892\/revisions"}],"predecessor-version":[{"id":20808,"href":"https:\/\/www.baumaniere.com\/en\/wp-json\/wp\/v2\/posts\/4892\/revisions\/20808"}],"wp:attachment":[{"href":"https:\/\/www.baumaniere.com\/en\/wp-json\/wp\/v2\/media?parent=4892"}],"wp:term":[{"taxonomy":"category","embeddable":true,"href":"https:\/\/www.baumaniere.com\/en\/wp-json\/wp\/v2\/categories?post=4892"},{"taxonomy":"post_tag","embeddable":true,"href":"https:\/\/www.baumaniere.com\/en\/wp-json\/wp\/v2\/tags?post=4892"}],"curies":[{"name":"wp","href":"https:\/\/api.w.org\/{rel}","templated":true}]}}