{"id":30179,"date":"2025-11-25T12:15:27","date_gmt":"2025-11-25T11:15:27","guid":{"rendered":"https:\/\/www.baumaniere.com\/?p=30179"},"modified":"2026-01-29T14:34:37","modified_gmt":"2026-01-29T13:34:37","slug":"fetes-de-fin-dannee-decouvrez-les-tresors-de-la-provence-depuis-lhotel-de-baumaniere","status":"publish","type":"post","link":"https:\/\/www.baumaniere.com\/en\/evenement\/fetes-de-fin-dannee-decouvrez-les-tresors-de-la-provence-depuis-lhotel-de-baumaniere\/","title":{"rendered":"F\u00eates de Fin d\u2019Ann\u00e9e : D\u00e9couvrez les Tr\u00e9sors de la Provence"},"content":{"rendered":"<p>[et_pb_section fb_built=&#8221;1&#8243; _builder_version=&#8221;4.16&#8243; _module_preset=&#8221;default&#8221; da_disable_devices=&#8221;off|off|off&#8221; global_colors_info=&#8221;{}&#8221; da_is_popup=&#8221;off&#8221; da_exit_intent=&#8221;off&#8221; da_has_close=&#8221;on&#8221; da_alt_close=&#8221;off&#8221; da_dark_close=&#8221;off&#8221; da_not_modal=&#8221;on&#8221; da_is_singular=&#8221;off&#8221; da_with_loader=&#8221;off&#8221; da_has_shadow=&#8221;on&#8221;][et_pb_row column_structure=&#8221;3_4,1_4&#8243; use_custom_gutter=&#8221;on&#8221; module_class=&#8221;col-resp-wrapper&#8221; _builder_version=&#8221;4.16&#8243; _module_preset=&#8221;default&#8221; width=&#8221;90%&#8221; max_width=&#8221;90%&#8221; module_alignment=&#8221;left&#8221; global_colors_info=&#8221;{}&#8221;][et_pb_column type=&#8221;3_4&#8243; _builder_version=&#8221;4.16&#8243; _module_preset=&#8221;default&#8221; global_colors_info=&#8221;{}&#8221;][et_pb_image src=&#8221;https:\/\/www.baumaniere.com\/wp-content\/uploads\/2021\/07\/christmas_lights_on_spruce-scaled.jpg&#8221; alt=&#8221;Noel \u00e0 Baumaniere &#8211; H\u00f4tel de Luxe aux Baux-de-Provence&#8221; title_text=&#8221;Noel \u00e0 Baumaniere &#8211; H\u00f4tel de Luxe aux Baux-de-Provence&#8221; show_in_lightbox=&#8221;on&#8221; use_overlay=&#8221;on&#8221; overlay_icon_color=&#8221;#FFFFFF&#8221; hover_overlay_color=&#8221;RGBA(0,0,0,0)&#8221; hover_icon=&#8221;&#x31;||divi||400&#8243; _builder_version=&#8221;4.23.1&#8243; _module_preset=&#8221;default&#8221; scroll_fade=&#8221;0|50|50|100|0%|100|100&#8243; global_colors_info=&#8221;{}&#8221;][\/et_pb_image][\/et_pb_column][et_pb_column type=&#8221;1_4&#8243; module_id=&#8221;reservationSEO&#8221; module_class=&#8221;sticky&#8221; _builder_version=&#8221;4.16&#8243; _module_preset=&#8221;default&#8221; global_colors_info=&#8221;{}&#8221;][et_pb_button button_url=&#8221;https:\/\/www.baumaniereboutique.com\/categorie-produit\/coffrets-cadeaux\/&#8221; url_new_window=&#8221;on&#8221; button_text=&#8221;\ud83c\udf81 Offrir un s\u00e9jour&#8221; admin_label=&#8221;Btn Offrir S\u00e9jour&#8221; _builder_version=&#8221;4.27.4&#8243; _module_preset=&#8221;default&#8221; global_module=&#8221;2691&#8243; saved_tabs=&#8221;all&#8221; locked=&#8221;off&#8221; global_colors_info=&#8221;{}&#8221;][\/et_pb_button][et_pb_button button_url=&#8221;https:\/\/www.secure-hotel-booking.com\/d-edge\/BAUMANIERE-LES-BAUX-DE-PROVENCE\/2YZZ\/fr\/DateSelection?_gl=1*691jxp*_gcl_aw*R0NMLjE3NjM5OTUxMjMuQ2owS0NRaUFvWkRKQmhDMEFSSXNBRVJQLUY5bzlDNG1WNXBlR1o5cGZqMmpza2xxa3B2cTdWSjFwLUEwUG50aHJGeEV4emJJdkQzajlDUWFBcXp3RUFMd193Y0I.*_gcl_au*MTQ1NzMyMjI1MC4xNzU5OTI0ODY3*FPAU*MTQ1NzMyMjI1MC4xNzU5OTI0ODY3*_ga*MTcyNTc1NDI3Ni4xNzA3NzM1MDI1*_ga_MZDVWRQ17G*czE3NjQwNjQ4MDAkbzMwMyRnMSR0MTc2NDA3MDMxOCRqNjAkbDAkaDcyODcxNDI5*_fplc*VXh4bnVEeUhqdkhYYSUyRmh6c2M1ejdBajhCVzV5Rml1V1d1Tk45UGJJVVdYVjgyRlRCSkZrcnYwT2glMkJpTjVpVSUyQjhLamF2cWRwamFPdXpFZnc2TjJPR2FUMFgwTDJtQ3JKOUNiV0hjNXJOUTRKamd1RkhTOExTU1V4MXJoTlhBJTNEJTNE&#8221; url_new_window=&#8221;on&#8221; button_text=&#8221;\ud83c\udf84 R\u00e9server mon s\u00e9jour magique&#8221; _builder_version=&#8221;4.27.4&#8243; _module_preset=&#8221;default&#8221; global_colors_info=&#8221;{}&#8221;][\/et_pb_button][\/et_pb_column][\/et_pb_row][\/et_pb_section][et_pb_section fb_built=&#8221;1&#8243; _builder_version=&#8221;4.16&#8243; _module_preset=&#8221;default&#8221; da_disable_devices=&#8221;off|off|off&#8221; global_colors_info=&#8221;{}&#8221; da_is_popup=&#8221;off&#8221; da_exit_intent=&#8221;off&#8221; da_has_close=&#8221;on&#8221; da_alt_close=&#8221;off&#8221; da_dark_close=&#8221;off&#8221; da_not_modal=&#8221;on&#8221; da_is_singular=&#8221;off&#8221; da_with_loader=&#8221;off&#8221; da_has_shadow=&#8221;on&#8221;][et_pb_row module_class=&#8221;container-p-sticky container-classic&#8221; _builder_version=&#8221;4.16&#8243; _module_preset=&#8221;default&#8221; width=&#8221;70%&#8221; custom_padding=&#8221;|307px|||false|false&#8221; global_colors_info=&#8221;{}&#8221;][et_pb_column type=&#8221;4_4&#8243; _builder_version=&#8221;4.16&#8243; _module_preset=&#8221;default&#8221; global_colors_info=&#8221;{}&#8221;][et_pb_text admin_label=&#8221;H2&#8243; _builder_version=&#8221;4.27.4&#8243; _module_preset=&#8221;default&#8221; text_text_color=&#8221;#393939&#8243; text_font_size=&#8221;45px&#8221; header_2_font=&#8221;Cormorant Garamond||||||||&#8221; header_2_font_size=&#8221;45px&#8221; custom_margin=&#8221;40px||30px||false|false&#8221; global_colors_info=&#8221;{}&#8221;]<\/p>\n<h2><a href=\"https:\/\/www.baumaniere.com\/hebergement\/noel-en-provence\/\" target=\"_blank\" rel=\"noopener\">Vivez No\u00ebl en Provence<\/a><\/h2>\n<p>[\/et_pb_text][et_pb_text _builder_version=&#8221;4.27.4&#8243; _module_preset=&#8221;default&#8221; custom_padding=&#8221;||0px|||&#8221; global_colors_info=&#8221;{}&#8221;]<\/p>\n<p>Les f\u00eates de fin d\u2019ann\u00e9e sont une p\u00e9riode magique pour d\u00e9couvrir les richesses culturelles, gastronomiques et festives de la Provence.<\/p>\n<p>Depuis l\u2019H\u00f4tel de Baumani\u00e8re, joyau nich\u00e9 au c\u0153ur des Alpilles, partez \u00e0 la d\u00e9couverte des activit\u00e9s et festivit\u00e9s qui illuminent la r\u00e9gion. Que vous soyez en qu\u00eate de traditions proven\u00e7ales, de march\u00e9s de No\u00ebl enchanteurs ou de paysages hivernaux \u00e0 couper le souffle, les Baux-de-Provence et ses alentours sauront vous \u00e9merveiller.<\/p>\n<p>[\/et_pb_text][et_pb_image src=&#8221;https:\/\/www.baumaniere.com\/wp-content\/uploads\/renne-site.jpeg&#8221; title_text=&#8221;Noel Baumaniere&#8221; _builder_version=&#8221;4.27.4&#8243; _module_preset=&#8221;default&#8221; width=&#8221;50%&#8221; custom_padding=&#8221;40px||||false|false&#8221; hover_enabled=&#8221;0&#8243; global_colors_info=&#8221;{}&#8221; alt=&#8221;Noel Baumaniere&#8221; sticky_enabled=&#8221;0&#8243;][\/et_pb_image][et_pb_text admin_label=&#8221;H2&#8243; _builder_version=&#8221;4.27.4&#8243; _module_preset=&#8221;default&#8221; text_text_color=&#8221;#393939&#8243; text_font_size=&#8221;45px&#8221; header_2_font=&#8221;Cormorant Garamond||||||||&#8221; header_2_font_size=&#8221;45px&#8221; custom_margin=&#8221;40px||30px||false|false&#8221; global_colors_info=&#8221;{}&#8221;]<\/p>\n<h2><strong>Les March\u00e9s de No\u00ebl en Provence<\/strong><\/h2>\n<p>[\/et_pb_text][et_pb_text _builder_version=&#8221;4.27.4&#8243; _module_preset=&#8221;default&#8221; global_colors_info=&#8221;{}&#8221;]<\/p>\n<p><strong>March\u00e9 de No\u00ebl des Baux-de-Provence<\/strong><\/p>\n<ul>\n<li><strong>Dates<\/strong> : G\u00e9n\u00e9ralement de d\u00e9but d\u00e9cembre \u00e0 fin d\u00e9cembre.<\/li>\n<li><strong>Lieu<\/strong> : Place centrale des Baux-de-Provence.<\/li>\n<li><strong>\u00c0 ne pas manquer<\/strong> : Artisanat local, santons de Provence, d\u00e9corations faites main, et d\u00e9gustations de sp\u00e9cialit\u00e9s (calissons, nougats, vin chaud).<\/li>\n<li><strong>Ambiance<\/strong> : Un cadre f\u00e9erique avec des lumi\u00e8res scintillantes et des chants de No\u00ebl.<\/li>\n<\/ul>\n<p><strong>March\u00e9 de No\u00ebl d\u2019Arles<\/strong><\/p>\n<ul>\n<li><strong>Dates<\/strong> : Tout le mois de d\u00e9cembre.<\/li>\n<li><strong>Lieu<\/strong> : Place de la R\u00e9publique, Arles.<\/li>\n<li><strong>\u00c0 ne pas manquer<\/strong> : Ateliers pour enfants, concerts, et produits du terroir.<\/li>\n<\/ul>\n<p>[\/et_pb_text][et_pb_text admin_label=&#8221;H2&#8243; _builder_version=&#8221;4.27.4&#8243; _module_preset=&#8221;default&#8221; text_text_color=&#8221;#393939&#8243; text_font_size=&#8221;45px&#8221; header_2_font=&#8221;Cormorant Garamond||||||||&#8221; header_2_font_size=&#8221;45px&#8221; custom_margin=&#8221;40px||30px||false|false&#8221; global_colors_info=&#8221;{}&#8221;]<\/p>\n<h2><strong>Ev\u00e9nements Culturels et Festifs<\/strong><\/h2>\n<p>[\/et_pb_text][et_pb_text _builder_version=&#8221;4.27.4&#8243; _module_preset=&#8221;default&#8221; global_colors_info=&#8221;{}&#8221;]<\/p>\n<p><strong>Les Santonniers d\u2019Aubagne<\/strong><\/p>\n<ul>\n<li><strong>Dates<\/strong> : Exposition permanente en d\u00e9cembre.<\/li>\n<li><strong>Lieu<\/strong> : Aubagne, \u00e0 45 minutes des Baux-de-Provence.<\/li>\n<li><strong>\u00c0 ne pas manquer<\/strong> : D\u00e9couverte des santons, figurines embl\u00e9matiques de la cr\u00e8che proven\u00e7ale, et ateliers de fabrication.<\/li>\n<\/ul>\n<p><strong>Concerts et Spectacles<\/strong><\/p>\n<ul>\n<li><strong>Festival des Lumi\u00e8res<\/strong> : Illuminations et projections artistiques sur les monuments historiques des Baux-de-Provence.<\/li>\n<li><strong>Concerts de No\u00ebl<\/strong> : \u00c9glises et salles de concert de la r\u00e9gion accueillent des chorales et orchestres pour des soir\u00e9es magiques.<\/li>\n<\/ul>\n<p>[\/et_pb_text][et_pb_text admin_label=&#8221;H2&#8243; _builder_version=&#8221;4.27.4&#8243; _module_preset=&#8221;default&#8221; text_text_color=&#8221;#393939&#8243; text_font_size=&#8221;45px&#8221; header_2_font=&#8221;Cormorant Garamond||||||||&#8221; header_2_font_size=&#8221;45px&#8221; custom_margin=&#8221;40px||30px||false|false&#8221; global_colors_info=&#8221;{}&#8221;]<\/p>\n<h2 class=\"text-align-justify\"><strong>\u00a0Activit\u00e9s en Plein Air<\/strong><\/h2>\n<p>[\/et_pb_text][et_pb_text _builder_version=&#8221;4.27.4&#8243; _module_preset=&#8221;default&#8221; global_colors_info=&#8221;{}&#8221;]<\/p>\n<p><strong>Randonn\u00e9es dans les Alpilles<\/strong><\/p>\n<ul>\n<li><strong>Parcours<\/strong> : Sentiers balis\u00e9s autour des Baux-de-Provence, avec des vues imprenables sur les paysages enneig\u00e9s.<\/li>\n<li><strong>Conseil<\/strong> : Optez pour une randonn\u00e9e au coucher du soleil pour profiter des lumi\u00e8res dor\u00e9es de l\u2019hiver.<\/li>\n<\/ul>\n<p><strong>Balades \u00e0 V\u00e9lo<\/strong><\/p>\n<ul>\n<li><strong>Location<\/strong> : V\u00e9los disponibles en location \u00e0 la demande \u00e0 l\u2019H\u00f4tel de Baumani\u00e8re<\/li>\n<\/ul>\n<p><strong>Itin\u00e9raire<\/strong> : D\u00e9couvrez les oliveraies et vignobles de la r\u00e9gion, m\u00eame en hiver.<\/p>\n<p><strong>Domaines viticoles<br \/><\/strong>Visitez les caves des Baux-de-Provence pour d\u00e9guster des vins rouges et ros\u00e9s, parfaits pour accompagner les repas de f\u00eate.<\/p>\n<p>&nbsp;<\/p>\n<p>[\/et_pb_text][et_pb_text admin_label=&#8221;H2&#8243; _builder_version=&#8221;4.27.4&#8243; _module_preset=&#8221;default&#8221; text_text_color=&#8221;#393939&#8243; text_font_size=&#8221;45px&#8221; header_2_font=&#8221;Cormorant Garamond||||||||&#8221; header_2_font_size=&#8221;45px&#8221; custom_margin=&#8221;40px||30px||false|false&#8221; global_colors_info=&#8221;{}&#8221;]<\/p>\n<h2><strong>Traditions Proven\u00e7ales<\/strong><\/h2>\n<p>[\/et_pb_text][et_pb_text _builder_version=&#8221;4.27.4&#8243; _module_preset=&#8221;default&#8221; custom_padding=&#8221;40px||||false|false&#8221; global_colors_info=&#8221;{}&#8221;]<\/p>\n<p><strong>La Cr\u00e8che de No\u00ebl<\/strong><\/p>\n<ul>\n<li><strong>\u00c0 voir<\/strong> : Cr\u00e8ches monumentales dans les \u00e9glises et villages, comme celle de l\u2019\u00e9glise Saint-Vincent aux Baux-de-Provence.<\/li>\n<li><strong>Ateliers<\/strong> : Participez \u00e0 des ateliers pour cr\u00e9er votre propre cr\u00e8che ou santon.<\/li>\n<\/ul>\n<p><strong>Les Treize Desserts<\/strong><\/p>\n<ul>\n<li><strong>Tradition<\/strong> : Un assortiment de 13 desserts symbolisant le Christ et les 12 ap\u00f4tres, servi apr\u00e8s le repas de No\u00ebl.<\/li>\n<\/ul>\n<p>[\/et_pb_text][et_pb_text admin_label=&#8221;H2&#8243; _builder_version=&#8221;4.27.4&#8243; _module_preset=&#8221;default&#8221; text_text_color=&#8221;#393939&#8243; text_font_size=&#8221;45px&#8221; header_2_font=&#8221;Cormorant Garamond||||||||&#8221; header_2_font_size=&#8221;45px&#8221; custom_margin=&#8221;40px||30px||false|false&#8221; global_colors_info=&#8221;{}&#8221;]<\/p>\n<h2><strong>D\u00e9lices de f\u00eates<\/strong><\/h2>\n<p>[\/et_pb_text][et_pb_text _builder_version=&#8221;4.27.4&#8243; _module_preset=&#8221;default&#8221; custom_padding=&#8221;||||false|false&#8221; global_colors_info=&#8221;{}&#8221;]<\/p>\n<ul>\n<li class=\"whitespace-break-spaces\"><strong>La chocolaterie de Baumani\u00e8re et ses cr\u00e9ations de No\u00ebl\u00a0<\/strong><\/li>\n<\/ul>\n<p class=\"whitespace-break-spaces\">No\u00ebl \u00e0 Baumani\u00e8re rime aussi avec <strong>gourmandise et savoir-faire artisanal<\/strong>. Chaque ann\u00e9e, notre <strong>Chocolaterie Baumani\u00e8re<\/strong> vous surprend avec des <strong>cr\u00e9ations uniques<\/strong>, imagin\u00e9es sp\u00e9cialement pour les f\u00eates. <span data-question=\"Quelles formations ou parcours professionnels suivent g\u00e9n\u00e9ralement les chocolatiers de Baumani\u00e8re pour d\u00e9velopper leur expertise ?\" class=\"followup-block followup-block-hidden cursor-pointer outline-none static inline group-hover\/message:[--hover-opacity:1]\" type=\"button\" aria-haspopup=\"dialog\" aria-expanded=\"false\" aria-controls=\"radix-_r_gi_\" data-state=\"closed\" tabindex=\"0\"><span>Nos chocolatiers, passionn\u00e9s et cr\u00e9atifs<\/span><\/span>, revisitent les grands classiques de la p\u00e2tisserie proven\u00e7ale et les mariages audacieux de saveurs pour vous offrir des <strong>chocolats d\u2019exception<\/strong><\/p>\n<p><a href=\"https:\/\/www.baumaniereboutique.com\/chocolaterie\/\" target=\"_blank\" rel=\"noopener\"><strong>-&gt; \ud83c\udf6b A D\u00c9COUVRIR<\/strong><\/a><strong><\/strong><\/p>\n<p>&nbsp;<\/p>\n<p>[\/et_pb_text][et_pb_text admin_label=&#8221;H2&#8243; _builder_version=&#8221;4.16&#8243; _module_preset=&#8221;default&#8221; text_text_color=&#8221;#393939&#8243; text_font_size=&#8221;45px&#8221; header_2_font=&#8221;Cormorant Garamond||||||||&#8221; header_2_font_size=&#8221;45px&#8221; custom_margin=&#8221;40px||30px||false|false&#8221; global_colors_info=&#8221;{}&#8221;]<\/p>\n<h2>Comment f\u00eate t-on No\u00ebl en Provence ?<\/h2>\n<p>[\/et_pb_text][et_pb_text _builder_version=&#8221;4.27.4&#8243; _module_preset=&#8221;default&#8221; custom_padding=&#8221;||||false|false&#8221; hover_enabled=&#8221;0&#8243; global_colors_info=&#8221;{}&#8221; sticky_enabled=&#8221;0&#8243;]<\/p>\n<h4><strong>Le Bl\u00e9 de la Sainte-Barbe<\/strong><\/h4>\n<p>La Sainte-Barbe est consid\u00e9r\u00e9e comme le d\u00e9but officiel des f\u00eates de fin d\u2019ann\u00e9e en Provence.<\/p>\n<ul>\n<li><strong>Origine<\/strong> : Une coutume ancestrale consistant \u00e0 faire germer du bl\u00e9 dans trois coupelles (symbolisant la Trinit\u00e9) entre le 4 et le 25 d\u00e9cembre.<\/li>\n<li><strong>Signification<\/strong> :<\/li>\n<ul>\n<li>Si le bl\u00e9 pousse bien et droit, c\u2019est un signe de prosp\u00e9rit\u00e9 et de bonne r\u00e9colte pour l\u2019ann\u00e9e suivante.<\/li>\n<li>Si le bl\u00e9 ne pousse pas, cela annonce des difficult\u00e9s.<\/li>\n<\/ul>\n<li><strong>Rituel<\/strong> :<\/li>\n<ul>\n<li>On place les graines de bl\u00e9 sur du coton humide, dans des assiettes ou des coupelles.<\/li>\n<li>On les arrose chaque jour jusqu\u2019\u00e0 No\u00ebl.<\/li>\n<li>Le bl\u00e9 germ\u00e9 est ensuite utilis\u00e9 pour d\u00e9corer la cr\u00e8che ou la table du R\u00e9veillon.<\/li>\n<\/ul>\n<\/ul>\n<h4><strong>\u00a0La Cr\u00e8che de No\u00ebl (Santons)<\/strong><\/h4>\n<ul>\n<li><strong>Origine<\/strong> : La cr\u00e8che proven\u00e7ale, ou &#8220;cr\u00e8che napolitaine&#8221;, est une tradition remontant au XVIIIe si\u00e8cle. Elle repr\u00e9sente la Nativit\u00e9, mais aussi la vie quotidienne en Provence.<\/li>\n<li><strong>Les Santons<\/strong> : Petites figurines en argile peinte, fabriqu\u00e9es artisanalement, repr\u00e9sentant la Sainte Famille, les bergers, les animaux, mais aussi des personnages typiques de la r\u00e9gion (le boulanger, la poissonni\u00e8re, le tambourinaire, etc.).<\/li>\n<li><strong>O\u00f9 les voir<\/strong> : Dans les \u00e9glises, les maisons, et surtout lors des expositions de santonniers (comme \u00e0 Aubagne ou Marseille).<\/li>\n<li><strong>Ateliers<\/strong> : De nombreux villages organisent des ateliers pour fabriquer ses propres santons.<\/li>\n<\/ul>\n<h4><strong>Le Gros Souper<\/strong><\/h4>\n<ul>\n<li><strong>Date<\/strong> : Le 24 d\u00e9cembre, avant la Messe de Minuit.<\/li>\n<li><strong>Origine<\/strong> : Un repas maigre (sans viande), symbolisant la sobri\u00e9t\u00e9 avant la f\u00eate.<\/li>\n<li><strong>Menu traditionnel<\/strong> :<\/li>\n<ul>\n<li>Soupe \u00e0 l\u2019ail<\/li>\n<li>Morue<\/li>\n<li>L\u00e9gumes de saison<\/li>\n<li>Huile d\u2019olive et pain<\/li>\n<\/ul>\n<li><strong>Signification<\/strong> : Ce repas est suivi de la Messe de Minuit, puis du R\u00e9veillon, plus festif.<\/li>\n<\/ul>\n<h4><strong>La Messe de Minuit<\/strong><\/h4>\n<ul>\n<li><strong>Ambiance<\/strong> : Les \u00e9glises sont d\u00e9cor\u00e9es de lumi\u00e8res et de cr\u00e8ches. Les fid\u00e8les se rassemblent pour chanter des cantiques en proven\u00e7al.<\/li>\n<li><strong>Particularit\u00e9<\/strong> : Dans certains villages, la messe est accompagn\u00e9e de musiques traditionnelles (galoubets, tambourins).<\/li>\n<\/ul>\n<h4><strong>Les Treize Desserts<\/strong><\/h4>\n<p>Les 13 desserts se composent de : la pompe \u00e0 huile, les dattes, le nougat, calissons, quatre mendiants (les amandes, les figues, les raisins secs, les noix) , oreillettes, pate de coing, navettes, pain d&#8217;\u00e9pices, orange.<strong><br \/><\/strong><\/p>\n<ul>\n<li><strong>Nombre<\/strong> : 13 desserts, repr\u00e9sentant le Christ et les 12 ap\u00f4tres.<\/li>\n<li><strong>Signification<\/strong> : Chaque dessert a une signification particuli\u00e8re (la pompe \u00e0 l\u2019huile symbolise la prosp\u00e9rit\u00e9, les fruits secs la sant\u00e9, etc.).<\/li>\n<\/ul>\n<h4><strong>Les Chants et Musiques de No\u00ebl<\/strong><\/h4>\n<p><strong> <\/strong><\/p>\n<p><strong><\/strong><\/p>\n<ul>\n<li style=\"list-style-type: none;\">\n<ul>\n<li><strong>Les Cantiques<\/strong> : Chants traditionnels en proven\u00e7al, comme &#8220;Les Anges dans nos campagnes&#8221; ou &#8220;La Marche des Rois&#8221;.<\/li>\n<li><strong>Les Tambourinaires<\/strong> : Musiciens jouant du tambourin et du galoubet, animant les rues et les march\u00e9s.<\/li>\n<li><strong>Les Pastorales<\/strong> : Pi\u00e8ces de th\u00e9\u00e2tre populaires racontant la Nativit\u00e9, jou\u00e9es dans les villages.<br \/>\n<h4><strong>Pourquoi ces Traditions sont-elles si Importantes ?<\/strong><\/h4>\n<p>No\u00ebl en Provence est une f\u00eate <strong>familiale, conviviale et profond\u00e9ment ancr\u00e9e dans la culture locale<\/strong>. Les traditions (comme les santons, les 13 desserts ou le Gros Souper) sont transmises de g\u00e9n\u00e9ration en g\u00e9n\u00e9ration, cr\u00e9ant un lien fort entre le pass\u00e9 et le pr\u00e9sent. C\u2019est aussi une p\u00e9riode o\u00f9 l\u2019on c\u00e9l\u00e8bre <strong>la g\u00e9n\u00e9rosit\u00e9, la lumi\u00e8re et la chaleur humaine<\/strong>, malgr\u00e9 le froid hivernal.<\/p>\n<\/li>\n<\/ul>\n<\/li>\n<\/ul>\n<p>[\/et_pb_text][\/et_pb_column][\/et_pb_row][\/et_pb_section][et_pb_section fb_built=&#8221;1&#8243; admin_label=&#8221;stop-sticky NE PAS SUPPRIMER&#8221; module_class=&#8221;stop-sticky&#8221; _builder_version=&#8221;4.9.1&#8243; _module_preset=&#8221;default&#8221; custom_padding=&#8221;0px||0px||false|false&#8221; da_disable_devices=&#8221;off|off|off&#8221; global_module=&#8221;11442&#8243; collapsed=&#8221;on&#8221; global_colors_info=&#8221;{}&#8221; da_is_popup=&#8221;off&#8221; da_exit_intent=&#8221;off&#8221; da_has_close=&#8221;on&#8221; da_alt_close=&#8221;off&#8221; da_dark_close=&#8221;off&#8221; da_not_modal=&#8221;on&#8221; da_is_singular=&#8221;off&#8221; da_with_loader=&#8221;off&#8221; da_has_shadow=&#8221;on&#8221;][et_pb_row _builder_version=&#8221;4.16&#8243; _module_preset=&#8221;default&#8221; global_colors_info=&#8221;{}&#8221;][et_pb_column type=&#8221;4_4&#8243; _builder_version=&#8221;4.16&#8243; _module_preset=&#8221;default&#8221; global_colors_info=&#8221;{}&#8221;][et_pb_divider show_divider=&#8221;off&#8221; _builder_version=&#8221;4.16&#8243; _module_preset=&#8221;default&#8221; height=&#8221;1px&#8221; max_height=&#8221;1px&#8221; global_colors_info=&#8221;{}&#8221;][\/et_pb_divider][\/et_pb_column][\/et_pb_row][\/et_pb_section]<\/p>\n","protected":false},"excerpt":{"rendered":"<p>Vivez No\u00ebl en ProvenceLes f\u00eates de fin d\u2019ann\u00e9e sont une p\u00e9riode magique pour d\u00e9couvrir les richesses culturelles, gastronomiques et festives de la Provence. Depuis l\u2019H\u00f4tel de Baumani\u00e8re, joyau nich\u00e9 au c\u0153ur des Alpilles, partez \u00e0 la d\u00e9couverte des activit\u00e9s et festivit\u00e9s qui illuminent la r\u00e9gion. Que vous soyez en qu\u00eate de traditions proven\u00e7ales, de march\u00e9s [&hellip;]<\/p>\n","protected":false},"author":13,"featured_media":0,"comment_status":"open","ping_status":"open","sticky":false,"template":"","format":"standard","meta":{"_acf_changed":false,"_et_pb_use_builder":"on","_et_pb_old_content":"","_et_gb_content_width":"2880","footnotes":""},"categories":[37,31],"tags":[],"class_list":["post-30179","post","type-post","status-publish","format-standard","hentry","category-activite","category-evenement"],"acf":[],"yoast_head":"<!-- This site is optimized with the Yoast SEO plugin v27.3 - https:\/\/yoast.com\/product\/yoast-seo-wordpress\/ -->\n<title>No\u00ebl en Provence : Traditions, March\u00e9s &amp; Festivit\u00e9s<\/title>\n<meta name=\"description\" content=\"D\u00e9couvrez les activit\u00e9s de No\u00ebl en Provence et plongez dans la magie des f\u00eates proven\u00e7ales depuis l\u2019H\u00f4tel de Baumani\u00e8re.\" \/>\n<meta name=\"robots\" content=\"index, follow, max-snippet:-1, max-image-preview:large, max-video-preview:-1\" \/>\n<link rel=\"canonical\" href=\"https:\/\/www.baumaniere.com\/en\/evenement\/fetes-de-fin-dannee-decouvrez-les-tresors-de-la-provence-depuis-lhotel-de-baumaniere\/\" \/>\n<meta property=\"og:locale\" content=\"en_US\" \/>\n<meta property=\"og:type\" content=\"article\" \/>\n<meta property=\"og:title\" content=\"No\u00ebl en Provence : Traditions, March\u00e9s &amp; Festivit\u00e9s\" \/>\n<meta property=\"og:description\" content=\"D\u00e9couvrez les activit\u00e9s de No\u00ebl en Provence et plongez dans la magie des f\u00eates proven\u00e7ales depuis l\u2019H\u00f4tel de Baumani\u00e8re.\" \/>\n<meta property=\"og:url\" content=\"https:\/\/www.baumaniere.com\/en\/evenement\/fetes-de-fin-dannee-decouvrez-les-tresors-de-la-provence-depuis-lhotel-de-baumaniere\/\" \/>\n<meta property=\"og:site_name\" content=\"Baumani\u00e8re\" \/>\n<meta property=\"article:published_time\" content=\"2025-11-25T11:15:27+00:00\" \/>\n<meta property=\"article:modified_time\" content=\"2026-01-29T13:34:37+00:00\" \/>\n<meta property=\"og:image\" content=\"https:\/\/www.baumaniere.com\/wp-content\/uploads\/logo_opengraph.jpg\" \/>\n\t<meta property=\"og:image:width\" content=\"1920\" \/>\n\t<meta property=\"og:image:height\" content=\"905\" \/>\n\t<meta property=\"og:image:type\" content=\"image\/jpeg\" \/>\n<meta name=\"author\" content=\"mkg_baumaniere\" \/>\n<meta name=\"twitter:card\" content=\"summary_large_image\" \/>\n<meta name=\"twitter:label1\" content=\"Written by\" \/>\n\t<meta name=\"twitter:data1\" content=\"mkg_baumaniere\" \/>\n\t<meta name=\"twitter:label2\" content=\"Est. reading time\" \/>\n\t<meta name=\"twitter:data2\" content=\"7 minutes\" \/>\n<script type=\"application\/ld+json\" class=\"yoast-schema-graph\">{\"@context\":\"https:\\\/\\\/schema.org\",\"@graph\":[{\"@type\":\"Article\",\"@id\":\"https:\\\/\\\/www.baumaniere.com\\\/en\\\/evenement\\\/fetes-de-fin-dannee-decouvrez-les-tresors-de-la-provence-depuis-lhotel-de-baumaniere\\\/#article\",\"isPartOf\":{\"@id\":\"https:\\\/\\\/www.baumaniere.com\\\/en\\\/evenement\\\/fetes-de-fin-dannee-decouvrez-les-tresors-de-la-provence-depuis-lhotel-de-baumaniere\\\/\"},\"author\":{\"name\":\"mkg_baumaniere\",\"@id\":\"https:\\\/\\\/www.baumaniere.com\\\/en\\\/#\\\/schema\\\/person\\\/285353e8b375adea2b9c30f0c9fd8f98\"},\"headline\":\"F\u00eates de Fin d\u2019Ann\u00e9e : D\u00e9couvrez les Tr\u00e9sors de la Provence\",\"datePublished\":\"2025-11-25T11:15:27+00:00\",\"dateModified\":\"2026-01-29T13:34:37+00:00\",\"mainEntityOfPage\":{\"@id\":\"https:\\\/\\\/www.baumaniere.com\\\/en\\\/evenement\\\/fetes-de-fin-dannee-decouvrez-les-tresors-de-la-provence-depuis-lhotel-de-baumaniere\\\/\"},\"wordCount\":2083,\"commentCount\":0,\"publisher\":{\"@id\":\"https:\\\/\\\/www.baumaniere.com\\\/en\\\/#organization\"},\"articleSection\":[\"Ref Activit\u00e9s\",\"Ref Evenements\"],\"inLanguage\":\"en-US\",\"potentialAction\":[{\"@type\":\"CommentAction\",\"name\":\"Comment\",\"target\":[\"https:\\\/\\\/www.baumaniere.com\\\/en\\\/evenement\\\/fetes-de-fin-dannee-decouvrez-les-tresors-de-la-provence-depuis-lhotel-de-baumaniere\\\/#respond\"]}]},{\"@type\":\"WebPage\",\"@id\":\"https:\\\/\\\/www.baumaniere.com\\\/en\\\/evenement\\\/fetes-de-fin-dannee-decouvrez-les-tresors-de-la-provence-depuis-lhotel-de-baumaniere\\\/\",\"url\":\"https:\\\/\\\/www.baumaniere.com\\\/en\\\/evenement\\\/fetes-de-fin-dannee-decouvrez-les-tresors-de-la-provence-depuis-lhotel-de-baumaniere\\\/\",\"name\":\"No\u00ebl en Provence : Traditions, March\u00e9s & Festivit\u00e9s\",\"isPartOf\":{\"@id\":\"https:\\\/\\\/www.baumaniere.com\\\/en\\\/#website\"},\"datePublished\":\"2025-11-25T11:15:27+00:00\",\"dateModified\":\"2026-01-29T13:34:37+00:00\",\"description\":\"D\u00e9couvrez les activit\u00e9s de No\u00ebl en Provence et plongez dans la magie des f\u00eates proven\u00e7ales depuis l\u2019H\u00f4tel de Baumani\u00e8re.\",\"breadcrumb\":{\"@id\":\"https:\\\/\\\/www.baumaniere.com\\\/en\\\/evenement\\\/fetes-de-fin-dannee-decouvrez-les-tresors-de-la-provence-depuis-lhotel-de-baumaniere\\\/#breadcrumb\"},\"inLanguage\":\"en-US\",\"potentialAction\":[{\"@type\":\"ReadAction\",\"target\":[\"https:\\\/\\\/www.baumaniere.com\\\/en\\\/evenement\\\/fetes-de-fin-dannee-decouvrez-les-tresors-de-la-provence-depuis-lhotel-de-baumaniere\\\/\"]}]},{\"@type\":\"BreadcrumbList\",\"@id\":\"https:\\\/\\\/www.baumaniere.com\\\/en\\\/evenement\\\/fetes-de-fin-dannee-decouvrez-les-tresors-de-la-provence-depuis-lhotel-de-baumaniere\\\/#breadcrumb\",\"itemListElement\":[{\"@type\":\"ListItem\",\"position\":1,\"name\":\"Accueil\",\"item\":\"https:\\\/\\\/www.baumaniere.com\\\/en\\\/\"},{\"@type\":\"ListItem\",\"position\":2,\"name\":\"Events\",\"item\":\"https:\\\/\\\/www.baumaniere.com\\\/en\\\/category\\\/events\\\/\"},{\"@type\":\"ListItem\",\"position\":3,\"name\":\"F\u00eates de Fin d\u2019Ann\u00e9e : D\u00e9couvrez les Tr\u00e9sors de la Provence\"}]},{\"@type\":\"WebSite\",\"@id\":\"https:\\\/\\\/www.baumaniere.com\\\/en\\\/#website\",\"url\":\"https:\\\/\\\/www.baumaniere.com\\\/en\\\/\",\"name\":\"Baumani\u00e8re\",\"description\":\"Les Baux de Provence\",\"publisher\":{\"@id\":\"https:\\\/\\\/www.baumaniere.com\\\/en\\\/#organization\"},\"potentialAction\":[{\"@type\":\"SearchAction\",\"target\":{\"@type\":\"EntryPoint\",\"urlTemplate\":\"https:\\\/\\\/www.baumaniere.com\\\/en\\\/?s={search_term_string}\"},\"query-input\":{\"@type\":\"PropertyValueSpecification\",\"valueRequired\":true,\"valueName\":\"search_term_string\"}}],\"inLanguage\":\"en-US\"},{\"@type\":\"Organization\",\"@id\":\"https:\\\/\\\/www.baumaniere.com\\\/en\\\/#organization\",\"name\":\"Baumani\u00e8re\",\"url\":\"https:\\\/\\\/www.baumaniere.com\\\/en\\\/\",\"logo\":{\"@type\":\"ImageObject\",\"inLanguage\":\"en-US\",\"@id\":\"https:\\\/\\\/www.baumaniere.com\\\/en\\\/#\\\/schema\\\/logo\\\/image\\\/\",\"url\":\"https:\\\/\\\/www.baumaniere.com\\\/wp-content\\\/uploads\\\/logo_opengraph.jpg\",\"contentUrl\":\"https:\\\/\\\/www.baumaniere.com\\\/wp-content\\\/uploads\\\/logo_opengraph.jpg\",\"width\":1920,\"height\":905,\"caption\":\"Baumani\u00e8re\"},\"image\":{\"@id\":\"https:\\\/\\\/www.baumaniere.com\\\/en\\\/#\\\/schema\\\/logo\\\/image\\\/\"}},{\"@type\":\"Person\",\"@id\":\"https:\\\/\\\/www.baumaniere.com\\\/en\\\/#\\\/schema\\\/person\\\/285353e8b375adea2b9c30f0c9fd8f98\",\"name\":\"mkg_baumaniere\"}]}<\/script>\n<!-- \/ Yoast SEO plugin. -->","yoast_head_json":{"title":"No\u00ebl en Provence : Traditions, March\u00e9s & Festivit\u00e9s","description":"D\u00e9couvrez les activit\u00e9s de No\u00ebl en Provence et plongez dans la magie des f\u00eates proven\u00e7ales depuis l\u2019H\u00f4tel de Baumani\u00e8re.","robots":{"index":"index","follow":"follow","max-snippet":"max-snippet:-1","max-image-preview":"max-image-preview:large","max-video-preview":"max-video-preview:-1"},"canonical":"https:\/\/www.baumaniere.com\/en\/evenement\/fetes-de-fin-dannee-decouvrez-les-tresors-de-la-provence-depuis-lhotel-de-baumaniere\/","og_locale":"en_US","og_type":"article","og_title":"No\u00ebl en Provence : Traditions, March\u00e9s & Festivit\u00e9s","og_description":"D\u00e9couvrez les activit\u00e9s de No\u00ebl en Provence et plongez dans la magie des f\u00eates proven\u00e7ales depuis l\u2019H\u00f4tel de Baumani\u00e8re.","og_url":"https:\/\/www.baumaniere.com\/en\/evenement\/fetes-de-fin-dannee-decouvrez-les-tresors-de-la-provence-depuis-lhotel-de-baumaniere\/","og_site_name":"Baumani\u00e8re","article_published_time":"2025-11-25T11:15:27+00:00","article_modified_time":"2026-01-29T13:34:37+00:00","og_image":[{"width":1920,"height":905,"url":"https:\/\/www.baumaniere.com\/wp-content\/uploads\/logo_opengraph.jpg","type":"image\/jpeg"}],"author":"mkg_baumaniere","twitter_card":"summary_large_image","twitter_misc":{"Written by":"mkg_baumaniere","Est. reading time":"7 minutes"},"schema":{"@context":"https:\/\/schema.org","@graph":[{"@type":"Article","@id":"https:\/\/www.baumaniere.com\/en\/evenement\/fetes-de-fin-dannee-decouvrez-les-tresors-de-la-provence-depuis-lhotel-de-baumaniere\/#article","isPartOf":{"@id":"https:\/\/www.baumaniere.com\/en\/evenement\/fetes-de-fin-dannee-decouvrez-les-tresors-de-la-provence-depuis-lhotel-de-baumaniere\/"},"author":{"name":"mkg_baumaniere","@id":"https:\/\/www.baumaniere.com\/en\/#\/schema\/person\/285353e8b375adea2b9c30f0c9fd8f98"},"headline":"F\u00eates de Fin d\u2019Ann\u00e9e : D\u00e9couvrez les Tr\u00e9sors de la Provence","datePublished":"2025-11-25T11:15:27+00:00","dateModified":"2026-01-29T13:34:37+00:00","mainEntityOfPage":{"@id":"https:\/\/www.baumaniere.com\/en\/evenement\/fetes-de-fin-dannee-decouvrez-les-tresors-de-la-provence-depuis-lhotel-de-baumaniere\/"},"wordCount":2083,"commentCount":0,"publisher":{"@id":"https:\/\/www.baumaniere.com\/en\/#organization"},"articleSection":["Ref Activit\u00e9s","Ref Evenements"],"inLanguage":"en-US","potentialAction":[{"@type":"CommentAction","name":"Comment","target":["https:\/\/www.baumaniere.com\/en\/evenement\/fetes-de-fin-dannee-decouvrez-les-tresors-de-la-provence-depuis-lhotel-de-baumaniere\/#respond"]}]},{"@type":"WebPage","@id":"https:\/\/www.baumaniere.com\/en\/evenement\/fetes-de-fin-dannee-decouvrez-les-tresors-de-la-provence-depuis-lhotel-de-baumaniere\/","url":"https:\/\/www.baumaniere.com\/en\/evenement\/fetes-de-fin-dannee-decouvrez-les-tresors-de-la-provence-depuis-lhotel-de-baumaniere\/","name":"No\u00ebl en Provence : Traditions, March\u00e9s & Festivit\u00e9s","isPartOf":{"@id":"https:\/\/www.baumaniere.com\/en\/#website"},"datePublished":"2025-11-25T11:15:27+00:00","dateModified":"2026-01-29T13:34:37+00:00","description":"D\u00e9couvrez les activit\u00e9s de No\u00ebl en Provence et plongez dans la magie des f\u00eates proven\u00e7ales depuis l\u2019H\u00f4tel de Baumani\u00e8re.","breadcrumb":{"@id":"https:\/\/www.baumaniere.com\/en\/evenement\/fetes-de-fin-dannee-decouvrez-les-tresors-de-la-provence-depuis-lhotel-de-baumaniere\/#breadcrumb"},"inLanguage":"en-US","potentialAction":[{"@type":"ReadAction","target":["https:\/\/www.baumaniere.com\/en\/evenement\/fetes-de-fin-dannee-decouvrez-les-tresors-de-la-provence-depuis-lhotel-de-baumaniere\/"]}]},{"@type":"BreadcrumbList","@id":"https:\/\/www.baumaniere.com\/en\/evenement\/fetes-de-fin-dannee-decouvrez-les-tresors-de-la-provence-depuis-lhotel-de-baumaniere\/#breadcrumb","itemListElement":[{"@type":"ListItem","position":1,"name":"Accueil","item":"https:\/\/www.baumaniere.com\/en\/"},{"@type":"ListItem","position":2,"name":"Events","item":"https:\/\/www.baumaniere.com\/en\/category\/events\/"},{"@type":"ListItem","position":3,"name":"F\u00eates de Fin d\u2019Ann\u00e9e : D\u00e9couvrez les Tr\u00e9sors de la Provence"}]},{"@type":"WebSite","@id":"https:\/\/www.baumaniere.com\/en\/#website","url":"https:\/\/www.baumaniere.com\/en\/","name":"Baumani\u00e8re","description":"Les Baux de Provence","publisher":{"@id":"https:\/\/www.baumaniere.com\/en\/#organization"},"potentialAction":[{"@type":"SearchAction","target":{"@type":"EntryPoint","urlTemplate":"https:\/\/www.baumaniere.com\/en\/?s={search_term_string}"},"query-input":{"@type":"PropertyValueSpecification","valueRequired":true,"valueName":"search_term_string"}}],"inLanguage":"en-US"},{"@type":"Organization","@id":"https:\/\/www.baumaniere.com\/en\/#organization","name":"Baumani\u00e8re","url":"https:\/\/www.baumaniere.com\/en\/","logo":{"@type":"ImageObject","inLanguage":"en-US","@id":"https:\/\/www.baumaniere.com\/en\/#\/schema\/logo\/image\/","url":"https:\/\/www.baumaniere.com\/wp-content\/uploads\/logo_opengraph.jpg","contentUrl":"https:\/\/www.baumaniere.com\/wp-content\/uploads\/logo_opengraph.jpg","width":1920,"height":905,"caption":"Baumani\u00e8re"},"image":{"@id":"https:\/\/www.baumaniere.com\/en\/#\/schema\/logo\/image\/"}},{"@type":"Person","@id":"https:\/\/www.baumaniere.com\/en\/#\/schema\/person\/285353e8b375adea2b9c30f0c9fd8f98","name":"mkg_baumaniere"}]}},"_links":{"self":[{"href":"https:\/\/www.baumaniere.com\/en\/wp-json\/wp\/v2\/posts\/30179","targetHints":{"allow":["GET"]}}],"collection":[{"href":"https:\/\/www.baumaniere.com\/en\/wp-json\/wp\/v2\/posts"}],"about":[{"href":"https:\/\/www.baumaniere.com\/en\/wp-json\/wp\/v2\/types\/post"}],"author":[{"embeddable":true,"href":"https:\/\/www.baumaniere.com\/en\/wp-json\/wp\/v2\/users\/13"}],"replies":[{"embeddable":true,"href":"https:\/\/www.baumaniere.com\/en\/wp-json\/wp\/v2\/comments?post=30179"}],"version-history":[{"count":20,"href":"https:\/\/www.baumaniere.com\/en\/wp-json\/wp\/v2\/posts\/30179\/revisions"}],"predecessor-version":[{"id":30989,"href":"https:\/\/www.baumaniere.com\/en\/wp-json\/wp\/v2\/posts\/30179\/revisions\/30989"}],"wp:attachment":[{"href":"https:\/\/www.baumaniere.com\/en\/wp-json\/wp\/v2\/media?parent=30179"}],"wp:term":[{"taxonomy":"category","embeddable":true,"href":"https:\/\/www.baumaniere.com\/en\/wp-json\/wp\/v2\/categories?post=30179"},{"taxonomy":"post_tag","embeddable":true,"href":"https:\/\/www.baumaniere.com\/en\/wp-json\/wp\/v2\/tags?post=30179"}],"curies":[{"name":"wp","href":"https:\/\/api.w.org\/{rel}","templated":true}]}}