{"id":24296,"date":"2025-03-20T16:20:00","date_gmt":"2025-03-20T15:20:00","guid":{"rendered":"https:\/\/www.baumaniere.com\/?p=24296"},"modified":"2026-03-09T13:55:53","modified_gmt":"2026-03-09T12:55:53","slug":"the-baumaniere-chocolate-factory-easter-collection","status":"publish","type":"post","link":"https:\/\/www.baumaniere.com\/en\/news\/the-baumaniere-chocolate-factory-easter-collection\/","title":{"rendered":"The Baumani\u00e8re Chocolate Factory Easter Collection"},"content":{"rendered":"<p>[et_pb_section fb_built=&#8221;1&#8243; _builder_version=&#8221;4.16&#8243; _module_preset=&#8221;default&#8221; da_disable_devices=&#8221;off|off|off&#8221; global_colors_info=&#8221;{}&#8221; da_is_popup=&#8221;off&#8221; da_exit_intent=&#8221;off&#8221; da_has_close=&#8221;on&#8221; da_alt_close=&#8221;off&#8221; da_dark_close=&#8221;off&#8221; da_not_modal=&#8221;on&#8221; da_is_singular=&#8221;off&#8221; da_with_loader=&#8221;off&#8221; da_has_shadow=&#8221;on&#8221;][et_pb_row column_structure=&#8221;3_4,1_4&#8243; use_custom_gutter=&#8221;on&#8221; module_class=&#8221;col-resp-wrapper&#8221; _builder_version=&#8221;4.16&#8243; _module_preset=&#8221;default&#8221; width=&#8221;85%&#8221; max_width=&#8221;90%&#8221; module_alignment=&#8221;left&#8221; global_colors_info=&#8221;{}&#8221;][et_pb_column type=&#8221;3_4&#8243; _builder_version=&#8221;4.16&#8243; _module_preset=&#8221;default&#8221; global_colors_info=&#8221;{}&#8221;][et_pb_slider _builder_version=&#8221;4.27.5&#8243; _module_preset=&#8221;default&#8221; hover_enabled=&#8221;0&#8243; global_colors_info=&#8221;{}&#8221; sticky_enabled=&#8221;0&#8243;][et_pb_slide _builder_version=&#8221;4.27.5&#8243; _module_preset=&#8221;default&#8221; background_image=&#8221;https:\/\/www.baumaniere.com\/wp-content\/uploads\/2025\/03\/\u00a9VirginieOvessianPhotographe_002_DSC_7493.jpg&#8221; background_enable_image=&#8221;on&#8221; hover_enabled=&#8221;0&#8243; global_colors_info=&#8221;{}&#8221; sticky_transition=&#8221;on&#8221; alt=&#8221;le fuseau chocolat Baumaniere&#8221; title_text=&#8221;le fuseau chocolat Baumaniere\u00a9VirginieOvessianPhotographe_002_DSC_7493&#8243; sticky_enabled=&#8221;0&#8243;][\/et_pb_slide][et_pb_slide _builder_version=&#8221;4.27.5&#8243; _module_preset=&#8221;default&#8221; background_image=&#8221;https:\/\/www.baumaniere.com\/wp-content\/uploads\/2026\/03\/\u00a9VirginieOvessianPhotographe_045_DSC_7820.jpg&#8221; background_enable_image=&#8221;on&#8221; hover_enabled=&#8221;0&#8243; global_colors_info=&#8221;{}&#8221; sticky_transition=&#8221;on&#8221; alt=&#8221;cr\u00e9ations de p\u00e2ques chocolaterie baumaniere&#8221; title_text=&#8221;cr\u00e9ations de p\u00e2ques chocolaterie baumaniere\u00a9VirginieOvessianPhotographe_045_DSC_7820&#8243; sticky_enabled=&#8221;0&#8243;][\/et_pb_slide][et_pb_slide _builder_version=&#8221;4.27.5&#8243; _module_preset=&#8221;default&#8221; background_image=&#8221;https:\/\/www.baumaniere.com\/wp-content\/uploads\/2026\/03\/\u00a9VirginieOvessianPhotographe_035_DSC_7701.jpg&#8221; background_enable_image=&#8221;on&#8221; hover_enabled=&#8221;0&#8243; global_colors_info=&#8221;{}&#8221; sticky_transition=&#8221;on&#8221; alt=&#8221;oeufs de paques baumaniere chocolaterie&#8221; title_text=&#8221;oeufs de paques baumaniere chocolaterie\u00a9VirginieOvessianPhotographe_035_DSC_7701&#8243; sticky_enabled=&#8221;0&#8243;][\/et_pb_slide][\/et_pb_slider][dica_divi_carousel overlay_color_field_bgcolor=&#8221;rgba(255,255,255,0.85)&#8221; _builder_version=&#8221;4.27.4&#8243; _module_preset=&#8221;default&#8221; global_colors_info=&#8221;{}&#8221;][\/dica_divi_carousel][\/et_pb_column][et_pb_column type=&#8221;1_4&#8243; module_class=&#8221;sticky&#8221; _builder_version=&#8221;4.16&#8243; _module_preset=&#8221;default&#8221; global_colors_info=&#8221;{}&#8221;][et_pb_button button_url=&#8221;https:\/\/www.baumaniereboutique.com\/categorie-produit\/chocolaterie\/paques-2026\/&#8221; button_text=&#8221;\ud83d\udc23 Discover the Easter Collection&#8221; _builder_version=&#8221;4.27.5&#8243; _module_preset=&#8221;default&#8221; hover_enabled=&#8221;0&#8243; global_colors_info=&#8221;{}&#8221; sticky_enabled=&#8221;0&#8243;][\/et_pb_button][\/et_pb_column][\/et_pb_row][\/et_pb_section][et_pb_section fb_built=&#8221;1&#8243; _builder_version=&#8221;4.16&#8243; _module_preset=&#8221;default&#8221; da_disable_devices=&#8221;off|off|off&#8221; global_colors_info=&#8221;{}&#8221; da_is_popup=&#8221;off&#8221; da_exit_intent=&#8221;off&#8221; da_has_close=&#8221;on&#8221; da_alt_close=&#8221;off&#8221; da_dark_close=&#8221;off&#8221; da_not_modal=&#8221;on&#8221; da_is_singular=&#8221;off&#8221; da_with_loader=&#8221;off&#8221; da_has_shadow=&#8221;on&#8221;][et_pb_row module_class=&#8221;container-p-sticky container-classic&#8221; _builder_version=&#8221;4.16&#8243; _module_preset=&#8221;default&#8221; width=&#8221;70%&#8221; custom_padding=&#8221;|230px|||false|false&#8221; global_colors_info=&#8221;{}&#8221;][et_pb_column type=&#8221;4_4&#8243; _builder_version=&#8221;4.16&#8243; _module_preset=&#8221;default&#8221; global_colors_info=&#8221;{}&#8221;][et_pb_text _builder_version=&#8221;4.27.5&#8243; _module_preset=&#8221;default&#8221; custom_margin=&#8221;||60px||false|false&#8221; hover_enabled=&#8221;0&#8243; global_colors_info=&#8221;{}&#8221; sticky_enabled=&#8221;0&#8243;]<\/p>\n<p>Chocolate lovers will be delighted this year by the <strong>unique creations<\/strong> from Baumani\u00e8re&#8217;s chocolate factory. Under the guidance of pastry chef Brandon Dehan, the Maison has created an Easter collection where artisanal expertise meets elegance and indulgence.<\/p>\n<p><strong>An inspired collection, blending tradition and creativity<\/strong><\/p>\n<p>Designed as a delicious tribute to Proven\u00e7al traditions, the surrounding nature and the timeless symbols of this iconic celebration. True to the Maison&#8217;s DNA, this collection celebrates authenticity, tradition, refined flavours and artisanal expertise.<\/p>\n<p><strong>An inspired collection, combining symbols and creativity<\/strong><\/p>\n<p>Designed by Brandon Dehan, Baumani\u00e8re&#8217;s pastry chef, this Easter range draws its inspiration from the landscapes of the Alpilles, the aromatic herbs of the garden and the Easter rituals cherished in the South of France. Each piece tells a story, combining indulgence, local produce and elegance.<\/p>\n<p><strong>The centrepiece of this edition is the chocolate Fuseau de Lavande<\/strong>, a signature creation that embodies the spirit of the Maison. This creation is inspired by the work of Elsa Lenthal, a local artisan who continues the expertise passed down by her grandmother.<\/p>\n<p><strong>Easter creations for 2026<\/strong><\/p>\n<p>-The Easter Egg \u2013 \u20ac50 \u2013 an elegantly reimagined lavender spindle containing an assortment of chocolate truffles and lavender-flavoured truffles, a subtle nod to the fields of Provence.<br \/>-The Milk Chocolate Easter Lamb \u2013 \u20ac40 \u2013 a traditional Easter figure, hides a chocolate frying pan, for a fun and generous treat.<br \/>-The Cicada on its Bark \u2013 \u20ac40 \u2013 an iconic symbol of Provence, reveals a thyme praline, combining the intensity of chocolate with herbaceous notes.<br \/>&#8211; The pistachio and hazelnut praline puff pastry eggs (\u20ac32), made with milk and dark chocolate, play on textures and the balance of dried fruits.<br \/>&#8211; The caramel shortbread bells (\u20ac20), a gourmet reinterpretation of the Easter symbol, combine crunchiness and sweetness.<br \/>&#8211; The vanilla flan with chocolate and hazelnut ganache \u2013 \u20ac40 \u2013 completes this collection with a touch of comfort and tradition.<\/p>\n<p><strong>Available to order from 6 March on our e-shop: www.baumaniereboutique.fr<\/strong><\/p>\n<p>In store from 16 March! (Opposite L&#8217;Oustau de Baumani\u00e8re, Friday to Tuesday from 9.30am to 6pm. Closed on Wednesdays and Thursdays.)<\/p>\n<p><br data-mce-bogus=\"1\"><\/p>\n<p>[\/et_pb_text][\/et_pb_column][\/et_pb_row][\/et_pb_section]<\/p>\n","protected":false},"excerpt":{"rendered":"<p><strong>Discover the 2026 Collection of top-of-the-range Easter chocolates!<\/strong><\/p>\n","protected":false},"author":13,"featured_media":31308,"comment_status":"open","ping_status":"open","sticky":false,"template":"","format":"standard","meta":{"_acf_changed":false,"_et_pb_use_builder":"on","_et_pb_old_content":"","_et_gb_content_width":"","footnotes":""},"categories":[87,89,90],"tags":[],"class_list":["post-24296","post","type-post","status-publish","format-standard","has-post-thumbnail","hentry","category-news","category-news-events","category-news-gastronomy"],"acf":[],"yoast_head":"<!-- This site is optimized with the Yoast SEO plugin v27.3 - https:\/\/yoast.com\/product\/yoast-seo-wordpress\/ -->\n<title>The Baumani\u00e8re Chocolate Factory Easter Collection - Baumani\u00e8re<\/title>\n<meta name=\"description\" content=\"Discover the creations in the Baumani\u00e8re Chocolate Factory&#039;s Easter Chocolate Collection: a tribute to local Proven\u00e7al craftsmanship! Order online.\" \/>\n<meta name=\"robots\" content=\"index, follow, max-snippet:-1, max-image-preview:large, max-video-preview:-1\" \/>\n<link rel=\"canonical\" href=\"https:\/\/www.baumaniere.com\/en\/news\/the-baumaniere-chocolate-factory-easter-collection\/\" \/>\n<meta property=\"og:locale\" content=\"en_US\" \/>\n<meta property=\"og:type\" content=\"article\" \/>\n<meta property=\"og:title\" content=\"The Baumani\u00e8re Chocolate Factory Easter Collection - Baumani\u00e8re\" \/>\n<meta property=\"og:description\" content=\"Discover the creations in the Baumani\u00e8re Chocolate Factory&#039;s Easter Chocolate Collection: a tribute to local Proven\u00e7al craftsmanship! Order online.\" \/>\n<meta property=\"og:url\" content=\"https:\/\/www.baumaniere.com\/en\/news\/the-baumaniere-chocolate-factory-easter-collection\/\" \/>\n<meta property=\"og:site_name\" content=\"Baumani\u00e8re\" \/>\n<meta property=\"article:published_time\" content=\"2025-03-20T15:20:00+00:00\" \/>\n<meta property=\"article:modified_time\" content=\"2026-03-09T12:55:53+00:00\" \/>\n<meta property=\"og:image\" content=\"https:\/\/www.baumaniere.com\/wp-content\/uploads\/2025\/03\/\u00a9VirginieOvessianPhotographe_002_DSC_7493.jpg\" \/>\n\t<meta property=\"og:image:width\" content=\"1200\" \/>\n\t<meta property=\"og:image:height\" content=\"800\" \/>\n\t<meta property=\"og:image:type\" content=\"image\/jpeg\" \/>\n<meta name=\"author\" content=\"mkg_baumaniere\" \/>\n<meta name=\"twitter:card\" content=\"summary_large_image\" \/>\n<meta name=\"twitter:label1\" content=\"Written by\" \/>\n\t<meta name=\"twitter:data1\" content=\"mkg_baumaniere\" \/>\n\t<meta name=\"twitter:label2\" content=\"Est. reading time\" \/>\n\t<meta name=\"twitter:data2\" content=\"4 minutes\" \/>\n<script type=\"application\/ld+json\" class=\"yoast-schema-graph\">{\"@context\":\"https:\\\/\\\/schema.org\",\"@graph\":[{\"@type\":\"Article\",\"@id\":\"https:\\\/\\\/www.baumaniere.com\\\/en\\\/news\\\/the-baumaniere-chocolate-factory-easter-collection\\\/#article\",\"isPartOf\":{\"@id\":\"https:\\\/\\\/www.baumaniere.com\\\/en\\\/news\\\/the-baumaniere-chocolate-factory-easter-collection\\\/\"},\"author\":{\"name\":\"mkg_baumaniere\",\"@id\":\"https:\\\/\\\/www.baumaniere.com\\\/en\\\/#\\\/schema\\\/person\\\/285353e8b375adea2b9c30f0c9fd8f98\"},\"headline\":\"The Baumani\u00e8re Chocolate Factory Easter Collection\",\"datePublished\":\"2025-03-20T15:20:00+00:00\",\"dateModified\":\"2026-03-09T12:55:53+00:00\",\"mainEntityOfPage\":{\"@id\":\"https:\\\/\\\/www.baumaniere.com\\\/en\\\/news\\\/the-baumaniere-chocolate-factory-easter-collection\\\/\"},\"wordCount\":810,\"commentCount\":0,\"publisher\":{\"@id\":\"https:\\\/\\\/www.baumaniere.com\\\/en\\\/#organization\"},\"image\":{\"@id\":\"https:\\\/\\\/www.baumaniere.com\\\/en\\\/news\\\/the-baumaniere-chocolate-factory-easter-collection\\\/#primaryimage\"},\"thumbnailUrl\":\"https:\\\/\\\/www.baumaniere.com\\\/wp-content\\\/uploads\\\/2025\\\/03\\\/\u00a9VirginieOvessianPhotographe_002_DSC_7493.jpg\",\"articleSection\":[\"News\",\"News Events\",\"News Gastronomy\"],\"inLanguage\":\"en-US\",\"potentialAction\":[{\"@type\":\"CommentAction\",\"name\":\"Comment\",\"target\":[\"https:\\\/\\\/www.baumaniere.com\\\/en\\\/news\\\/the-baumaniere-chocolate-factory-easter-collection\\\/#respond\"]}]},{\"@type\":\"WebPage\",\"@id\":\"https:\\\/\\\/www.baumaniere.com\\\/en\\\/news\\\/the-baumaniere-chocolate-factory-easter-collection\\\/\",\"url\":\"https:\\\/\\\/www.baumaniere.com\\\/en\\\/news\\\/the-baumaniere-chocolate-factory-easter-collection\\\/\",\"name\":\"The Baumani\u00e8re Chocolate Factory Easter Collection - Baumani\u00e8re\",\"isPartOf\":{\"@id\":\"https:\\\/\\\/www.baumaniere.com\\\/en\\\/#website\"},\"primaryImageOfPage\":{\"@id\":\"https:\\\/\\\/www.baumaniere.com\\\/en\\\/news\\\/the-baumaniere-chocolate-factory-easter-collection\\\/#primaryimage\"},\"image\":{\"@id\":\"https:\\\/\\\/www.baumaniere.com\\\/en\\\/news\\\/the-baumaniere-chocolate-factory-easter-collection\\\/#primaryimage\"},\"thumbnailUrl\":\"https:\\\/\\\/www.baumaniere.com\\\/wp-content\\\/uploads\\\/2025\\\/03\\\/\u00a9VirginieOvessianPhotographe_002_DSC_7493.jpg\",\"datePublished\":\"2025-03-20T15:20:00+00:00\",\"dateModified\":\"2026-03-09T12:55:53+00:00\",\"description\":\"Discover the creations in the Baumani\u00e8re Chocolate Factory's Easter Chocolate Collection: a tribute to local Proven\u00e7al craftsmanship! Order online.\",\"breadcrumb\":{\"@id\":\"https:\\\/\\\/www.baumaniere.com\\\/en\\\/news\\\/the-baumaniere-chocolate-factory-easter-collection\\\/#breadcrumb\"},\"inLanguage\":\"en-US\",\"potentialAction\":[{\"@type\":\"ReadAction\",\"target\":[\"https:\\\/\\\/www.baumaniere.com\\\/en\\\/news\\\/the-baumaniere-chocolate-factory-easter-collection\\\/\"]}]},{\"@type\":\"ImageObject\",\"inLanguage\":\"en-US\",\"@id\":\"https:\\\/\\\/www.baumaniere.com\\\/en\\\/news\\\/the-baumaniere-chocolate-factory-easter-collection\\\/#primaryimage\",\"url\":\"https:\\\/\\\/www.baumaniere.com\\\/wp-content\\\/uploads\\\/2025\\\/03\\\/\u00a9VirginieOvessianPhotographe_002_DSC_7493.jpg\",\"contentUrl\":\"https:\\\/\\\/www.baumaniere.com\\\/wp-content\\\/uploads\\\/2025\\\/03\\\/\u00a9VirginieOvessianPhotographe_002_DSC_7493.jpg\",\"width\":1200,\"height\":800,\"caption\":\"le fuseau chocolat Baumaniere\"},{\"@type\":\"BreadcrumbList\",\"@id\":\"https:\\\/\\\/www.baumaniere.com\\\/en\\\/news\\\/the-baumaniere-chocolate-factory-easter-collection\\\/#breadcrumb\",\"itemListElement\":[{\"@type\":\"ListItem\",\"position\":1,\"name\":\"Accueil\",\"item\":\"https:\\\/\\\/www.baumaniere.com\\\/en\\\/\"},{\"@type\":\"ListItem\",\"position\":2,\"name\":\"News\",\"item\":\"https:\\\/\\\/www.baumaniere.com\\\/en\\\/category\\\/news\\\/\"},{\"@type\":\"ListItem\",\"position\":3,\"name\":\"The Baumani\u00e8re Chocolate Factory Easter Collection\"}]},{\"@type\":\"WebSite\",\"@id\":\"https:\\\/\\\/www.baumaniere.com\\\/en\\\/#website\",\"url\":\"https:\\\/\\\/www.baumaniere.com\\\/en\\\/\",\"name\":\"Baumani\u00e8re\",\"description\":\"Les Baux de Provence\",\"publisher\":{\"@id\":\"https:\\\/\\\/www.baumaniere.com\\\/en\\\/#organization\"},\"potentialAction\":[{\"@type\":\"SearchAction\",\"target\":{\"@type\":\"EntryPoint\",\"urlTemplate\":\"https:\\\/\\\/www.baumaniere.com\\\/en\\\/?s={search_term_string}\"},\"query-input\":{\"@type\":\"PropertyValueSpecification\",\"valueRequired\":true,\"valueName\":\"search_term_string\"}}],\"inLanguage\":\"en-US\"},{\"@type\":\"Organization\",\"@id\":\"https:\\\/\\\/www.baumaniere.com\\\/en\\\/#organization\",\"name\":\"Baumani\u00e8re\",\"url\":\"https:\\\/\\\/www.baumaniere.com\\\/en\\\/\",\"logo\":{\"@type\":\"ImageObject\",\"inLanguage\":\"en-US\",\"@id\":\"https:\\\/\\\/www.baumaniere.com\\\/en\\\/#\\\/schema\\\/logo\\\/image\\\/\",\"url\":\"https:\\\/\\\/www.baumaniere.com\\\/wp-content\\\/uploads\\\/logo_opengraph.jpg\",\"contentUrl\":\"https:\\\/\\\/www.baumaniere.com\\\/wp-content\\\/uploads\\\/logo_opengraph.jpg\",\"width\":1920,\"height\":905,\"caption\":\"Baumani\u00e8re\"},\"image\":{\"@id\":\"https:\\\/\\\/www.baumaniere.com\\\/en\\\/#\\\/schema\\\/logo\\\/image\\\/\"}},{\"@type\":\"Person\",\"@id\":\"https:\\\/\\\/www.baumaniere.com\\\/en\\\/#\\\/schema\\\/person\\\/285353e8b375adea2b9c30f0c9fd8f98\",\"name\":\"mkg_baumaniere\"}]}<\/script>\n<!-- \/ Yoast SEO plugin. -->","yoast_head_json":{"title":"The Baumani\u00e8re Chocolate Factory Easter Collection - Baumani\u00e8re","description":"Discover the creations in the Baumani\u00e8re Chocolate Factory's Easter Chocolate Collection: a tribute to local Proven\u00e7al craftsmanship! Order online.","robots":{"index":"index","follow":"follow","max-snippet":"max-snippet:-1","max-image-preview":"max-image-preview:large","max-video-preview":"max-video-preview:-1"},"canonical":"https:\/\/www.baumaniere.com\/en\/news\/the-baumaniere-chocolate-factory-easter-collection\/","og_locale":"en_US","og_type":"article","og_title":"The Baumani\u00e8re Chocolate Factory Easter Collection - Baumani\u00e8re","og_description":"Discover the creations in the Baumani\u00e8re Chocolate Factory's Easter Chocolate Collection: a tribute to local Proven\u00e7al craftsmanship! Order online.","og_url":"https:\/\/www.baumaniere.com\/en\/news\/the-baumaniere-chocolate-factory-easter-collection\/","og_site_name":"Baumani\u00e8re","article_published_time":"2025-03-20T15:20:00+00:00","article_modified_time":"2026-03-09T12:55:53+00:00","og_image":[{"width":1200,"height":800,"url":"https:\/\/www.baumaniere.com\/wp-content\/uploads\/2025\/03\/\u00a9VirginieOvessianPhotographe_002_DSC_7493.jpg","type":"image\/jpeg"}],"author":"mkg_baumaniere","twitter_card":"summary_large_image","twitter_misc":{"Written by":"mkg_baumaniere","Est. reading time":"4 minutes"},"schema":{"@context":"https:\/\/schema.org","@graph":[{"@type":"Article","@id":"https:\/\/www.baumaniere.com\/en\/news\/the-baumaniere-chocolate-factory-easter-collection\/#article","isPartOf":{"@id":"https:\/\/www.baumaniere.com\/en\/news\/the-baumaniere-chocolate-factory-easter-collection\/"},"author":{"name":"mkg_baumaniere","@id":"https:\/\/www.baumaniere.com\/en\/#\/schema\/person\/285353e8b375adea2b9c30f0c9fd8f98"},"headline":"The Baumani\u00e8re Chocolate Factory Easter Collection","datePublished":"2025-03-20T15:20:00+00:00","dateModified":"2026-03-09T12:55:53+00:00","mainEntityOfPage":{"@id":"https:\/\/www.baumaniere.com\/en\/news\/the-baumaniere-chocolate-factory-easter-collection\/"},"wordCount":810,"commentCount":0,"publisher":{"@id":"https:\/\/www.baumaniere.com\/en\/#organization"},"image":{"@id":"https:\/\/www.baumaniere.com\/en\/news\/the-baumaniere-chocolate-factory-easter-collection\/#primaryimage"},"thumbnailUrl":"https:\/\/www.baumaniere.com\/wp-content\/uploads\/2025\/03\/\u00a9VirginieOvessianPhotographe_002_DSC_7493.jpg","articleSection":["News","News Events","News Gastronomy"],"inLanguage":"en-US","potentialAction":[{"@type":"CommentAction","name":"Comment","target":["https:\/\/www.baumaniere.com\/en\/news\/the-baumaniere-chocolate-factory-easter-collection\/#respond"]}]},{"@type":"WebPage","@id":"https:\/\/www.baumaniere.com\/en\/news\/the-baumaniere-chocolate-factory-easter-collection\/","url":"https:\/\/www.baumaniere.com\/en\/news\/the-baumaniere-chocolate-factory-easter-collection\/","name":"The Baumani\u00e8re Chocolate Factory Easter Collection - Baumani\u00e8re","isPartOf":{"@id":"https:\/\/www.baumaniere.com\/en\/#website"},"primaryImageOfPage":{"@id":"https:\/\/www.baumaniere.com\/en\/news\/the-baumaniere-chocolate-factory-easter-collection\/#primaryimage"},"image":{"@id":"https:\/\/www.baumaniere.com\/en\/news\/the-baumaniere-chocolate-factory-easter-collection\/#primaryimage"},"thumbnailUrl":"https:\/\/www.baumaniere.com\/wp-content\/uploads\/2025\/03\/\u00a9VirginieOvessianPhotographe_002_DSC_7493.jpg","datePublished":"2025-03-20T15:20:00+00:00","dateModified":"2026-03-09T12:55:53+00:00","description":"Discover the creations in the Baumani\u00e8re Chocolate Factory's Easter Chocolate Collection: a tribute to local Proven\u00e7al craftsmanship! Order online.","breadcrumb":{"@id":"https:\/\/www.baumaniere.com\/en\/news\/the-baumaniere-chocolate-factory-easter-collection\/#breadcrumb"},"inLanguage":"en-US","potentialAction":[{"@type":"ReadAction","target":["https:\/\/www.baumaniere.com\/en\/news\/the-baumaniere-chocolate-factory-easter-collection\/"]}]},{"@type":"ImageObject","inLanguage":"en-US","@id":"https:\/\/www.baumaniere.com\/en\/news\/the-baumaniere-chocolate-factory-easter-collection\/#primaryimage","url":"https:\/\/www.baumaniere.com\/wp-content\/uploads\/2025\/03\/\u00a9VirginieOvessianPhotographe_002_DSC_7493.jpg","contentUrl":"https:\/\/www.baumaniere.com\/wp-content\/uploads\/2025\/03\/\u00a9VirginieOvessianPhotographe_002_DSC_7493.jpg","width":1200,"height":800,"caption":"le fuseau chocolat Baumaniere"},{"@type":"BreadcrumbList","@id":"https:\/\/www.baumaniere.com\/en\/news\/the-baumaniere-chocolate-factory-easter-collection\/#breadcrumb","itemListElement":[{"@type":"ListItem","position":1,"name":"Accueil","item":"https:\/\/www.baumaniere.com\/en\/"},{"@type":"ListItem","position":2,"name":"News","item":"https:\/\/www.baumaniere.com\/en\/category\/news\/"},{"@type":"ListItem","position":3,"name":"The Baumani\u00e8re Chocolate Factory Easter Collection"}]},{"@type":"WebSite","@id":"https:\/\/www.baumaniere.com\/en\/#website","url":"https:\/\/www.baumaniere.com\/en\/","name":"Baumani\u00e8re","description":"Les Baux de Provence","publisher":{"@id":"https:\/\/www.baumaniere.com\/en\/#organization"},"potentialAction":[{"@type":"SearchAction","target":{"@type":"EntryPoint","urlTemplate":"https:\/\/www.baumaniere.com\/en\/?s={search_term_string}"},"query-input":{"@type":"PropertyValueSpecification","valueRequired":true,"valueName":"search_term_string"}}],"inLanguage":"en-US"},{"@type":"Organization","@id":"https:\/\/www.baumaniere.com\/en\/#organization","name":"Baumani\u00e8re","url":"https:\/\/www.baumaniere.com\/en\/","logo":{"@type":"ImageObject","inLanguage":"en-US","@id":"https:\/\/www.baumaniere.com\/en\/#\/schema\/logo\/image\/","url":"https:\/\/www.baumaniere.com\/wp-content\/uploads\/logo_opengraph.jpg","contentUrl":"https:\/\/www.baumaniere.com\/wp-content\/uploads\/logo_opengraph.jpg","width":1920,"height":905,"caption":"Baumani\u00e8re"},"image":{"@id":"https:\/\/www.baumaniere.com\/en\/#\/schema\/logo\/image\/"}},{"@type":"Person","@id":"https:\/\/www.baumaniere.com\/en\/#\/schema\/person\/285353e8b375adea2b9c30f0c9fd8f98","name":"mkg_baumaniere"}]}},"_links":{"self":[{"href":"https:\/\/www.baumaniere.com\/en\/wp-json\/wp\/v2\/posts\/24296","targetHints":{"allow":["GET"]}}],"collection":[{"href":"https:\/\/www.baumaniere.com\/en\/wp-json\/wp\/v2\/posts"}],"about":[{"href":"https:\/\/www.baumaniere.com\/en\/wp-json\/wp\/v2\/types\/post"}],"author":[{"embeddable":true,"href":"https:\/\/www.baumaniere.com\/en\/wp-json\/wp\/v2\/users\/13"}],"replies":[{"embeddable":true,"href":"https:\/\/www.baumaniere.com\/en\/wp-json\/wp\/v2\/comments?post=24296"}],"version-history":[{"count":53,"href":"https:\/\/www.baumaniere.com\/en\/wp-json\/wp\/v2\/posts\/24296\/revisions"}],"predecessor-version":[{"id":31324,"href":"https:\/\/www.baumaniere.com\/en\/wp-json\/wp\/v2\/posts\/24296\/revisions\/31324"}],"wp:featuredmedia":[{"embeddable":true,"href":"https:\/\/www.baumaniere.com\/en\/wp-json\/wp\/v2\/media\/31308"}],"wp:attachment":[{"href":"https:\/\/www.baumaniere.com\/en\/wp-json\/wp\/v2\/media?parent=24296"}],"wp:term":[{"taxonomy":"category","embeddable":true,"href":"https:\/\/www.baumaniere.com\/en\/wp-json\/wp\/v2\/categories?post=24296"},{"taxonomy":"post_tag","embeddable":true,"href":"https:\/\/www.baumaniere.com\/en\/wp-json\/wp\/v2\/tags?post=24296"}],"curies":[{"name":"wp","href":"https:\/\/api.w.org\/{rel}","templated":true}]}}