{"id":13019,"date":"2023-11-16T13:11:51","date_gmt":"2023-11-16T12:11:51","guid":{"rendered":"https:\/\/www.baumaniere.com\/uncategorized\/christmas-in-provence\/"},"modified":"2024-12-04T11:50:07","modified_gmt":"2024-12-04T10:50:07","slug":"christmas-in-provence","status":"publish","type":"post","link":"https:\/\/www.baumaniere.com\/en\/accommodation\/christmas-in-provence\/","title":{"rendered":"Christmas in Provence !"},"content":{"rendered":"<p>[et_pb_section fb_built=&#8221;1&#8243; _builder_version=&#8221;4.16&#8243; _module_preset=&#8221;default&#8221; da_disable_devices=&#8221;off|off|off&#8221; global_colors_info=&#8221;{}&#8221; da_is_popup=&#8221;off&#8221; da_exit_intent=&#8221;off&#8221; da_has_close=&#8221;on&#8221; da_alt_close=&#8221;off&#8221; da_dark_close=&#8221;off&#8221; da_not_modal=&#8221;on&#8221; da_is_singular=&#8221;off&#8221; da_with_loader=&#8221;off&#8221; da_has_shadow=&#8221;on&#8221;][et_pb_row column_structure=&#8221;3_4,1_4&#8243; use_custom_gutter=&#8221;on&#8221; module_class=&#8221;col-resp-wrapper&#8221; _builder_version=&#8221;4.16&#8243; _module_preset=&#8221;default&#8221; width=&#8221;90%&#8221; max_width=&#8221;90%&#8221; module_alignment=&#8221;left&#8221; global_colors_info=&#8221;{}&#8221;][et_pb_column type=&#8221;3_4&#8243; _builder_version=&#8221;4.16&#8243; _module_preset=&#8221;default&#8221; global_colors_info=&#8221;{}&#8221;][et_pb_image src=&#8221;https:\/\/www.baumaniere.com\/wp-content\/uploads\/2021\/07\/christmas_lights_on_spruce-scaled.jpg&#8221; alt=&#8221;Noel \u00e0 Baumaniere &#8211; H\u00f4tel de Luxe aux Baux-de-Provence&#8221; title_text=&#8221;Noel \u00e0 Baumaniere &#8211; H\u00f4tel de Luxe aux Baux-de-Provence&#8221; show_in_lightbox=&#8221;on&#8221; use_overlay=&#8221;on&#8221; overlay_icon_color=&#8221;#FFFFFF&#8221; hover_overlay_color=&#8221;RGBA(0,0,0,0)&#8221; hover_icon=&#8221;&#x31;||divi||400&#8243; _builder_version=&#8221;4.23.1&#8243; _module_preset=&#8221;default&#8221; scroll_fade=&#8221;0|50|50|100|0%|100|100&#8243; global_colors_info=&#8221;{}&#8221;][\/et_pb_image][\/et_pb_column][et_pb_column type=&#8221;1_4&#8243; module_id=&#8221;reservationSEO&#8221; module_class=&#8221;sticky&#8221; _builder_version=&#8221;4.16&#8243; _module_preset=&#8221;default&#8221; global_colors_info=&#8221;{}&#8221;][et_pb_button button_url=&#8221;https:\/\/www.baumaniereboutique.com\/categorie-produit\/coffrets-cadeaux\/&#8221; url_new_window=&#8221;on&#8221; button_text=&#8221;Offer a package&#8221; admin_label=&#8221;Btn Offrir S\u00e9jour&#8221; _builder_version=&#8221;4.19.5&#8243; _module_preset=&#8221;default&#8221; hover_enabled=&#8221;0&#8243; global_module=&#8221;2691&#8243; saved_tabs=&#8221;all&#8221; locked=&#8221;off&#8221; global_colors_info=&#8221;{}&#8221; sticky_enabled=&#8221;0&#8243;][\/et_pb_button][et_pb_button button_url=&#8221;https:\/\/www.secure-hotel-booking.com\/smart\/BAUMANIERE-LES-BAUX-DE-PROVENCE\/2YZZ\/fr\/&#8221; url_new_window=&#8221;on&#8221; button_text=&#8221;Book your stay&#8221; admin_label=&#8221;Bouton R\u00e9server SEJOUR&#8221; _builder_version=&#8221;4.19.5&#8243; _module_preset=&#8221;default&#8221; custom_padding=&#8221;0px||0px||false|false&#8221; hover_enabled=&#8221;0&#8243; global_module=&#8221;2367&#8243; saved_tabs=&#8221;all&#8221; global_colors_info=&#8221;{}&#8221; sticky_enabled=&#8221;0&#8243;][\/et_pb_button][\/et_pb_column][\/et_pb_row][\/et_pb_section][et_pb_section fb_built=&#8221;1&#8243; _builder_version=&#8221;4.16&#8243; _module_preset=&#8221;default&#8221; da_disable_devices=&#8221;off|off|off&#8221; global_colors_info=&#8221;{}&#8221; da_is_popup=&#8221;off&#8221; da_exit_intent=&#8221;off&#8221; da_has_close=&#8221;on&#8221; da_alt_close=&#8221;off&#8221; da_dark_close=&#8221;off&#8221; da_not_modal=&#8221;on&#8221; da_is_singular=&#8221;off&#8221; da_with_loader=&#8221;off&#8221; da_has_shadow=&#8221;on&#8221;][et_pb_row module_class=&#8221;container-p-sticky container-classic&#8221; _builder_version=&#8221;4.16&#8243; _module_preset=&#8221;default&#8221; width=&#8221;70%&#8221; global_colors_info=&#8221;{}&#8221;][et_pb_column type=&#8221;4_4&#8243; _builder_version=&#8221;4.16&#8243; _module_preset=&#8221;default&#8221; global_colors_info=&#8221;{}&#8221;][et_pb_text admin_label=&#8221;H2&#8243; _builder_version=&#8221;4.16&#8243; _module_preset=&#8221;default&#8221; text_text_color=&#8221;#393939&#8243; text_font_size=&#8221;45px&#8221; header_2_font=&#8221;Cormorant Garamond||||||||&#8221; header_2_font_size=&#8221;45px&#8221; custom_margin=&#8221;40px||30px||false|false&#8221; global_colors_info=&#8221;{}&#8221;]<\/p>\n<h2>Christmas at Baumani\u00e8re les Baux-de-Provence, a luxury 5 starred-hotel &#8211; Relais et Ch\u00e2teaux<\/h2>\n<p>[\/et_pb_text][et_pb_text _builder_version=&#8221;4.16&#8243; _module_preset=&#8221;default&#8221; global_colors_info=&#8221;{}&#8221;]<\/p>\n<p><strong>Our 5 star hotel welcomes you in a magnificent environment to celebrate Christmas at the heart of Provence.<\/strong><\/p>\n<p>Friendly hotel, <a href=\"https:\/\/www.baumaniere.com\/en\/accommodation\/\">Baumani\u00e8re les Baux-de-Provence<\/a> is ideal to share this event with your family or friends. You will appreciate to find yourself around a delightful <strong>Christmas dinner<\/strong> in our <a href=\"https:\/\/www.baumaniere.com\/en\/gastronomy\/\">gourmet restaurants<\/a>. <\/p>\n<p>The hotel decorates its establishment specially for the event so that you feel like at home. Take advantage of our services and discover our authentic and modern rooms with a typical Provence style decoration. The hotel invites you to relax in our space well-being and spa for shooting moments and respite.<\/p>\n<p>Spend a trully magic Christmas in our hotel Baumani\u00e8re les Baux-de-Provence with your family!<\/p>\n<p>[\/et_pb_text][et_pb_image src=&#8221;https:\/\/www.baumaniere.com\/wp-content\/uploads\/renne-site.jpeg&#8221; title_text=&#8221;renne site&#8221; _builder_version=&#8221;4.16&#8243; _module_preset=&#8221;default&#8221; width=&#8221;50%&#8221; custom_padding=&#8221;40px||||false|false&#8221; global_colors_info=&#8221;{}&#8221;][\/et_pb_image][et_pb_text admin_label=&#8221;H2&#8243; _builder_version=&#8221;4.16&#8243; _module_preset=&#8221;default&#8221; text_text_color=&#8221;#393939&#8243; text_font_size=&#8221;45px&#8221; header_2_font=&#8221;Cormorant Garamond||||||||&#8221; header_2_font_size=&#8221;45px&#8221; custom_margin=&#8221;40px||30px||false|false&#8221; global_colors_info=&#8221;{}&#8221;]<\/p>\n<h2>Our tables<\/h2>\n<p>[\/et_pb_text][et_pb_text _builder_version=&#8221;4.16&#8243; _module_preset=&#8221;default&#8221; global_colors_info=&#8221;{}&#8221;]Our Chefs have concocted special menus![\/et_pb_text][et_pb_text admin_label=&#8221;H2&#8243; _builder_version=&#8221;4.16&#8243; _module_preset=&#8221;default&#8221; text_text_color=&#8221;#393939&#8243; text_font_size=&#8221;45px&#8221; header_2_font=&#8221;Cormorant Garamond||||||||&#8221; header_2_font_size=&#8221;45px&#8221; custom_margin=&#8221;40px||30px||false|false&#8221; global_colors_info=&#8221;{}&#8221;]<\/p>\n<h3>\u2022 L&#8217;Oustau de Baumani\u00e8re<\/h3>\n<p>[\/et_pb_text][et_pb_text _builder_version=&#8221;4.16&#8243; _module_preset=&#8221;default&#8221; global_colors_info=&#8221;{}&#8221;]<\/p>\n<p>Le Chef <strong>Glenn Viel<\/strong> vous a concoct\u00e9 des menus \u00e9toil\u00e9s et festifs pour <strong>No\u00ebl et la Saint-Sylvestre 2024 &#8230;<\/strong><\/p>\n<p>&nbsp;<\/p>\n<p>[\/et_pb_text][et_pb_text admin_label=&#8221;H2&#8243; _builder_version=&#8221;4.16&#8243; _module_preset=&#8221;default&#8221; text_text_color=&#8221;#393939&#8243; text_font_size=&#8221;45px&#8221; header_2_font=&#8221;Cormorant Garamond||||||||&#8221; header_2_font_size=&#8221;45px&#8221; custom_margin=&#8221;40px||30px||false|false&#8221; global_colors_info=&#8221;{}&#8221;]<\/p>\n<h3 class=\"text-align-justify\"><strong>\u2022\u00a0<\/strong>La Cabro d&#8217;Or<\/h3>\n<p>[\/et_pb_text][et_pb_text _builder_version=&#8221;4.16&#8243; _module_preset=&#8221;default&#8221; global_colors_info=&#8221;{}&#8221;]<\/p>\n<p>Le chef Michel Hulin vous invite \u00e0 partager son menu de No\u00ebl, son menu de r\u00e9veillon et son menu du Nouvel An \u00e0 La Cabro d&#8217;Or ! Menu de No\u00ebl &#8211; 130 \u20ac \/ personne (hors boissons) &#8211; servi au d\u00eener du 24 d\u00e9cembre et au d\u00e9jeuner du 25 d\u00e9cembre 2019 Menu du r\u00e9veillon &#8211; 280 \u20ac \/ personne (hors boissons) &#8211; servi au d\u00eener du 31 d\u00e9cembre 2019 &#8211; soir\u00e9e anim\u00e9e par le groupe de musique B\u00e2ton Rouge Menu du Nouvel An &#8211; 150 \u20ac \/ personne (hors boissons) &#8211; servi au d\u00e9jeuner du 1er janvier 2020 Informations &amp; r\u00e9servation au +33 4 90 54 33 07 ou contact@baumaniere.com R\u00e9servation soumise \u00e0 une empreinte bancaire pour garantir votre table. Pour toute annulation non effectu\u00e9e au moins 48h \u00e0 l&#8217;avance ou en cas de non pr\u00e9sentation, nous pr\u00e9l\u00e8verons 50% du montant des menus r\u00e9serv\u00e9s sur votre carte bancaire.<\/p>\n<p>[\/et_pb_text][et_pb_text admin_label=&#8221;H2&#8243; _builder_version=&#8221;4.16&#8243; _module_preset=&#8221;default&#8221; text_text_color=&#8221;#393939&#8243; text_font_size=&#8221;45px&#8221; header_2_font=&#8221;Cormorant Garamond||||||||&#8221; header_2_font_size=&#8221;45px&#8221; custom_margin=&#8221;40px||30px||false|false&#8221; global_colors_info=&#8221;{}&#8221;]<\/p>\n<h2>Our offers<\/h2>\n<p>[\/et_pb_text][et_pb_text admin_label=&#8221;H2&#8243; _builder_version=&#8221;4.16&#8243; _module_preset=&#8221;default&#8221; text_text_color=&#8221;#393939&#8243; text_font_size=&#8221;45px&#8221; header_2_font=&#8221;Cormorant Garamond||||||||&#8221; header_2_font_size=&#8221;45px&#8221; custom_margin=&#8221;40px||30px||false|false&#8221; global_colors_info=&#8221;{}&#8221;]<\/p>\n<h3>No\u00ebl \u00e0 Baumani\u00e8re &#8211; 2 nights and a gourmet meal<\/h3>\n<p>[\/et_pb_text][et_pb_text _builder_version=&#8221;4.27.3&#8243; _module_preset=&#8221;default&#8221; hover_enabled=&#8221;0&#8243; global_colors_info=&#8221;{}&#8221; sticky_enabled=&#8221;0&#8243;]<\/p>\n<p>Passez des f\u00eates de fin d&#8217;ann\u00e9e inoubliable \u00e0 Baumani\u00e8re gr\u00e2ce \u00e0 notre offre No\u00ebl \u00e0 Baumani\u00e8re !<\/p>\n<p>Nos 2 tables vous r\u00e9galeront pour le r\u00e9veillon : <a href=\"\/gastronomie\/la-cabro-dor\">La Cabro d&#8217;Or<\/a> et <a href=\"\/gastronomie\/loustau-de-baumaniere\">L\u2019Oustau de Baumani\u00e8re<\/a>, notre restaurant gastronomique 3* Michelin.<\/p>\n<p>&#8212;&#8212;&#8212;&#8212;&#8212;&#8212;&#8212;&#8212;&#8212;&#8212;&#8212;&#8212;&#8212;&#8212;&#8212;&#8212;&#8212;&#8212;&#8212;&#8212;&#8212;&#8212;&#8212;&#8211;<\/p>\n<p><strong>\u272e R\u00e9veillonnez \u00e0 la Cabro d&#8217;Or<\/strong> avec le d\u00eener sp\u00e9cial No\u00ebl concoct\u00e9 par le chef Michel Hulin<\/p>\n<p><strong>\u272e R\u00e9veillonnez \u00e0 l&#8217;Oustau de Baumani\u00e8re<\/strong> avec le d\u00eener triplement \u00e9toil\u00e9 du chef Glenn Viel. Un voyage gustatif plein de surprises vous attend. C&#8217;est aussi le moment propice pour d\u00e9couvrir les plus beaux tr\u00e9sors de la cave de Baumani\u00e8re !<\/p>\n<p>&#8212;&#8212;&#8212;&#8212;&#8212;&#8212;&#8212;&#8212;&#8212;&#8212;&#8212;&#8212;&#8212;&#8212;&#8212;&#8212;&#8212;&#8212;&#8212;&#8212;&#8212;&#8212;&#8212;&#8211;<\/p>\n<p><em>Cette offre comprend :<br \/>&#8211; Deux nuits en chambre double<br \/>&#8211; Le petit d\u00e9jeuner chaque jour<br \/>&#8211; Le d\u00eener du 24 d\u00e9cembre \u00e0 la Cabro d&#8217;Or ou \u00e0 l&#8217;Oustau de Baumani\u00e8re*** avec menu du r\u00e9veillon (hors boissons)<\/em><\/p>\n<p>Offre valable uniquement du 23\/12\/2024 au 26\/12\/2024 sur r\u00e9servation et selon disponibilit\u00e9s<\/p>\n<p><em>Possibilit\u00e9 de <strong>r\u00e9server une troisi\u00e8me nuit avec une remise de 50% \u00e0 partir de la Junior Suite <\/strong>&#8211; Contactez-nous : 04 90 54 33 07 ou <a href=\"mailto:\/contact@baumaniere.com\">contact@baumaniere.com<\/a><\/em><\/p>\n<p>[\/et_pb_text][et_pb_text admin_label=&#8221;H2&#8243; _builder_version=&#8221;4.16&#8243; _module_preset=&#8221;default&#8221; text_text_color=&#8221;#393939&#8243; text_font_size=&#8221;45px&#8221; header_2_font=&#8221;Cormorant Garamond||||||||&#8221; header_2_font_size=&#8221;45px&#8221; custom_margin=&#8221;40px||30px||false|false&#8221; global_colors_info=&#8221;{}&#8221;]<\/p>\n<h3>Wellness and relaxation for the festive season<\/h3>\n<p>[\/et_pb_text][et_pb_image src=&#8221;https:\/\/www.baumaniere.com\/wp-content\/uploads\/Akwaterra-par-benjamin-rinaldi-135.jpeg&#8221; title_text=&#8221;Akwaterra par benjamin rinaldi-135&#8243; _builder_version=&#8221;4.16&#8243; _module_preset=&#8221;default&#8221; width=&#8221;50%&#8221; custom_padding=&#8221;||||false|false&#8221; global_colors_info=&#8221;{}&#8221;][\/et_pb_image][et_pb_text _builder_version=&#8221;4.16&#8243; _module_preset=&#8221;default&#8221; custom_padding=&#8221;40px||||false|false&#8221; global_colors_info=&#8221;{}&#8221;]<\/p>\n<p>Our Spa Baumani\u00e8re practitioners offer a range of Sisley and Une Olive en Provence treatments to relax and unwind. A real beauty treatment for the festive season!<\/p>\n<p>[\/et_pb_text][et_pb_text admin_label=&#8221;H2&#8243; _builder_version=&#8221;4.16&#8243; _module_preset=&#8221;default&#8221; text_text_color=&#8221;#393939&#8243; text_font_size=&#8221;45px&#8221; header_2_font=&#8221;Cormorant Garamond||||||||&#8221; header_2_font_size=&#8221;45px&#8221; custom_margin=&#8221;40px||30px||false|false&#8221; global_colors_info=&#8221;{}&#8221;]<\/p>\n<h2>Christmas at the Baux-de-Provence is also:<\/h2>\n<p>[\/et_pb_text][et_pb_text _builder_version=&#8221;4.27.3&#8243; _module_preset=&#8221;default&#8221; custom_padding=&#8221;||||false|false&#8221; hover_enabled=&#8221;0&#8243; global_colors_info=&#8221;{}&#8221; sticky_enabled=&#8221;0&#8243;]<\/p>\n<p>Escape into the rocky Alpilles landscape and admire the last rays of the setting sun. There&#8217;s still time to attend the magnificent artistic sound and light projection of the Carri\u00e8res de Lumi\u00e8res in this atypical location, to discover or rediscover the works of Van Gogh.<\/p>\n<p>The village of Les Baux-de-Provence offers a program of festivities for young and old to relive ancestral traditions and customs:<\/p>\n<p>&#8211; The living crib, the &#8220;pastrage&#8221; ceremony and the midnight mass are must-see events that will leave young and old with unforgettable moments of emotion.<\/p>\n<p>&#8211; The &#8220;aubade&#8221; ceremony: since the 16th century, this custom has been preserved by the shepherds of the Vall\u00e9e des Baux. The Bayle and his herd parade through the village streets. The drummers play, and the Arl\u00e9siennes and Mireilles dance the farandole.<\/p>\n<p>&#8211; La fabrique des santons: the santon-maker invites you to make a Provencal clay santon with your own hands.<\/p>\n<p>&#8211; Artist Anne Bonnefon&#8217;s cyanotype workshops and exhibition: offering creative workshops throughout the summer of 2023 at Baumani\u00e8re, the Baussenque artist invites you to discover her art during the end-of-year school vacations at Galerie la Cure.<\/p>\n<p>There are also numerous storytelling and photo exhibitions in the streets of this magnificent Provencal village.<\/p>\n<p>[\/et_pb_text][et_pb_text admin_label=&#8221;H2&#8243; _builder_version=&#8221;4.16&#8243; _module_preset=&#8221;default&#8221; text_text_color=&#8221;#393939&#8243; text_font_size=&#8221;45px&#8221; header_2_font=&#8221;Cormorant Garamond||||||||&#8221; header_2_font_size=&#8221;45px&#8221; custom_margin=&#8221;40px||30px||false|false&#8221; global_colors_info=&#8221;{}&#8221;]<\/p>\n<h2>Our customer experiments<\/h2>\n<p>[\/et_pb_text][et_pb_image src=&#8221;https:\/\/www.baumaniere.com\/wp-content\/uploads\/AUhOUtripadvisor.png&#8221; title_text=&#8221;_AUhOUtripadvisor&#8221; _builder_version=&#8221;4.16&#8243; _module_preset=&#8221;default&#8221; width=&#8221;50%&#8221; custom_padding=&#8221;||||false|false&#8221; global_colors_info=&#8221;{}&#8221;][\/et_pb_image][et_pb_text _builder_version=&#8221;4.16&#8243; _module_preset=&#8221;default&#8221; custom_padding=&#8221;40px||||false|false&#8221; global_colors_info=&#8221;{}&#8221;]<strong>Opinion of philippecottin<br \/>\n01 janv. 2020<\/p>\n<p>&#8220;Wonderful Christmas and New Year celebration&#8221;<\/strong><\/p>\n<p>&#8220;In an exceptional place: the Baux de Provence, with an attentive staff but not too intrusive, a beautiful suite, top restaurants, great spa&#8230; everything you need for a great vacation. Very near perfection. Thank you so much to the people working for our satisfaction.&#8221;<\/p>\n<p><strong>Opinion of almi26<br \/>\n30 d\u00e9c. 2019<\/p>\n<p>&#8220;Our Christmas gift&#8221;<\/strong><\/p>\n<p>&#8220;We were lucky to have a beautiful weather for the end of the year. Beautiful place, very nice and qualified staff, the food met our expectations.<br \/>\nTo do again in Spring to enjoy the outside.&#8221;[\/et_pb_text][\/et_pb_column][\/et_pb_row][\/et_pb_section][et_pb_section fb_built=&#8221;1&#8243; admin_label=&#8221;stop-sticky NE PAS SUPPRIMER&#8221; module_class=&#8221;stop-sticky&#8221; _builder_version=&#8221;4.9.1&#8243; _module_preset=&#8221;default&#8221; custom_padding=&#8221;0px||0px||false|false&#8221; da_disable_devices=&#8221;off|off|off&#8221; global_module=&#8221;11442&#8243; collapsed=&#8221;on&#8221; global_colors_info=&#8221;{}&#8221; da_is_popup=&#8221;off&#8221; da_exit_intent=&#8221;off&#8221; da_has_close=&#8221;on&#8221; da_alt_close=&#8221;off&#8221; da_dark_close=&#8221;off&#8221; da_not_modal=&#8221;on&#8221; da_is_singular=&#8221;off&#8221; da_with_loader=&#8221;off&#8221; da_has_shadow=&#8221;on&#8221;][et_pb_row _builder_version=&#8221;4.16&#8243; _module_preset=&#8221;default&#8221; global_colors_info=&#8221;{}&#8221;][et_pb_column type=&#8221;4_4&#8243; _builder_version=&#8221;4.16&#8243; _module_preset=&#8221;default&#8221; global_colors_info=&#8221;{}&#8221;][et_pb_divider show_divider=&#8221;off&#8221; _builder_version=&#8221;4.16&#8243; _module_preset=&#8221;default&#8221; height=&#8221;1px&#8221; max_height=&#8221;1px&#8221; global_colors_info=&#8221;{}&#8221;][\/et_pb_divider][\/et_pb_column][\/et_pb_row][\/et_pb_section]<\/p>\n","protected":false},"excerpt":{"rendered":"<p>Christmas at Baumani\u00e8re les Baux-de-Provence, a luxury 5 starred-hotel &#8211; Relais et Ch\u00e2teauxOur 5 star hotel welcomes you in a magnificent environment to celebrate Christmas at the heart of Provence. Friendly hotel, Baumani\u00e8re les Baux-de-Provence is ideal to share this event with your family or friends. You will appreciate to find yourself around a delightful [&hellip;]<\/p>\n","protected":false},"author":3,"featured_media":0,"comment_status":"closed","ping_status":"closed","sticky":false,"template":"","format":"standard","meta":{"_acf_changed":false,"_et_pb_use_builder":"on","_et_pb_old_content":"","_et_gb_content_width":"","footnotes":""},"categories":[113,112,68,111,115],"tags":[],"class_list":["post-13019","post","type-post","status-publish","format-standard","hentry","category-accommodation","category-events","category-gastronomy","category-news-2","category-offer"],"acf":[],"yoast_head":"<!-- This site is optimized with the Yoast SEO plugin v27.3 - https:\/\/yoast.com\/product\/yoast-seo-wordpress\/ -->\n<title>~ Christmas in Provence | Baumaniere 5-stars<\/title>\n<meta name=\"description\" content=\"The 5* Hotel Baumani\u00e8re welcomes you to Les Baux-de-Provence for an exceptional Provencal Christmas. with gourmet dinner\" \/>\n<meta name=\"robots\" content=\"index, follow, max-snippet:-1, max-image-preview:large, max-video-preview:-1\" \/>\n<link rel=\"canonical\" href=\"https:\/\/www.baumaniere.com\/en\/accommodation\/christmas-in-provence\/\" \/>\n<meta property=\"og:locale\" content=\"en_US\" \/>\n<meta property=\"og:type\" content=\"article\" \/>\n<meta property=\"og:title\" content=\"~ Christmas in Provence | Baumaniere 5-stars\" \/>\n<meta property=\"og:description\" content=\"The 5* Hotel Baumani\u00e8re welcomes you to Les Baux-de-Provence for an exceptional Provencal Christmas. with gourmet dinner\" \/>\n<meta property=\"og:url\" content=\"https:\/\/www.baumaniere.com\/en\/accommodation\/christmas-in-provence\/\" \/>\n<meta property=\"og:site_name\" content=\"Baumani\u00e8re\" \/>\n<meta property=\"article:published_time\" content=\"2023-11-16T12:11:51+00:00\" \/>\n<meta property=\"article:modified_time\" content=\"2024-12-04T10:50:07+00:00\" \/>\n<meta property=\"og:image\" content=\"https:\/\/www.baumaniere.com\/wp-content\/uploads\/logo_opengraph.jpg\" \/>\n\t<meta property=\"og:image:width\" content=\"1920\" \/>\n\t<meta property=\"og:image:height\" content=\"905\" \/>\n\t<meta property=\"og:image:type\" content=\"image\/jpeg\" \/>\n<meta name=\"author\" content=\"admin_contenu\" \/>\n<meta name=\"twitter:card\" content=\"summary_large_image\" \/>\n<meta name=\"twitter:label1\" content=\"Written by\" \/>\n\t<meta name=\"twitter:data1\" content=\"admin_contenu\" \/>\n\t<meta name=\"twitter:label2\" content=\"Est. reading time\" \/>\n\t<meta name=\"twitter:data2\" content=\"10 minutes\" \/>\n<script type=\"application\/ld+json\" class=\"yoast-schema-graph\">{\"@context\":\"https:\\\/\\\/schema.org\",\"@graph\":[{\"@type\":\"Article\",\"@id\":\"https:\\\/\\\/www.baumaniere.com\\\/en\\\/accommodation\\\/christmas-in-provence\\\/#article\",\"isPartOf\":{\"@id\":\"https:\\\/\\\/www.baumaniere.com\\\/en\\\/accommodation\\\/christmas-in-provence\\\/\"},\"author\":{\"name\":\"admin_contenu\",\"@id\":\"https:\\\/\\\/www.baumaniere.com\\\/en\\\/#\\\/schema\\\/person\\\/79b59fdecf1339a37f62674899bf7bf2\"},\"headline\":\"Christmas in Provence !\",\"datePublished\":\"2023-11-16T12:11:51+00:00\",\"dateModified\":\"2024-12-04T10:50:07+00:00\",\"mainEntityOfPage\":{\"@id\":\"https:\\\/\\\/www.baumaniere.com\\\/en\\\/accommodation\\\/christmas-in-provence\\\/\"},\"wordCount\":1935,\"publisher\":{\"@id\":\"https:\\\/\\\/www.baumaniere.com\\\/en\\\/#organization\"},\"articleSection\":[\"Accommodation\",\"Events\",\"Gastronomy\",\"News\",\"Offers\"],\"inLanguage\":\"en-US\"},{\"@type\":\"WebPage\",\"@id\":\"https:\\\/\\\/www.baumaniere.com\\\/en\\\/accommodation\\\/christmas-in-provence\\\/\",\"url\":\"https:\\\/\\\/www.baumaniere.com\\\/en\\\/accommodation\\\/christmas-in-provence\\\/\",\"name\":\"~ Christmas in Provence | Baumaniere 5-stars\",\"isPartOf\":{\"@id\":\"https:\\\/\\\/www.baumaniere.com\\\/en\\\/#website\"},\"datePublished\":\"2023-11-16T12:11:51+00:00\",\"dateModified\":\"2024-12-04T10:50:07+00:00\",\"description\":\"The 5* Hotel Baumani\u00e8re welcomes you to Les Baux-de-Provence for an exceptional Provencal Christmas. with gourmet dinner\",\"breadcrumb\":{\"@id\":\"https:\\\/\\\/www.baumaniere.com\\\/en\\\/accommodation\\\/christmas-in-provence\\\/#breadcrumb\"},\"inLanguage\":\"en-US\",\"potentialAction\":[{\"@type\":\"ReadAction\",\"target\":[\"https:\\\/\\\/www.baumaniere.com\\\/en\\\/accommodation\\\/christmas-in-provence\\\/\"]}]},{\"@type\":\"BreadcrumbList\",\"@id\":\"https:\\\/\\\/www.baumaniere.com\\\/en\\\/accommodation\\\/christmas-in-provence\\\/#breadcrumb\",\"itemListElement\":[{\"@type\":\"ListItem\",\"position\":1,\"name\":\"Accueil\",\"item\":\"https:\\\/\\\/www.baumaniere.com\\\/en\\\/\"},{\"@type\":\"ListItem\",\"position\":2,\"name\":\"Accommodation\",\"item\":\"https:\\\/\\\/www.baumaniere.com\\\/en\\\/category\\\/accommodation\\\/\"},{\"@type\":\"ListItem\",\"position\":3,\"name\":\"Christmas in Provence !\"}]},{\"@type\":\"WebSite\",\"@id\":\"https:\\\/\\\/www.baumaniere.com\\\/en\\\/#website\",\"url\":\"https:\\\/\\\/www.baumaniere.com\\\/en\\\/\",\"name\":\"Baumani\u00e8re\",\"description\":\"Les Baux de Provence\",\"publisher\":{\"@id\":\"https:\\\/\\\/www.baumaniere.com\\\/en\\\/#organization\"},\"potentialAction\":[{\"@type\":\"SearchAction\",\"target\":{\"@type\":\"EntryPoint\",\"urlTemplate\":\"https:\\\/\\\/www.baumaniere.com\\\/en\\\/?s={search_term_string}\"},\"query-input\":{\"@type\":\"PropertyValueSpecification\",\"valueRequired\":true,\"valueName\":\"search_term_string\"}}],\"inLanguage\":\"en-US\"},{\"@type\":\"Organization\",\"@id\":\"https:\\\/\\\/www.baumaniere.com\\\/en\\\/#organization\",\"name\":\"Baumani\u00e8re\",\"url\":\"https:\\\/\\\/www.baumaniere.com\\\/en\\\/\",\"logo\":{\"@type\":\"ImageObject\",\"inLanguage\":\"en-US\",\"@id\":\"https:\\\/\\\/www.baumaniere.com\\\/en\\\/#\\\/schema\\\/logo\\\/image\\\/\",\"url\":\"https:\\\/\\\/www.baumaniere.com\\\/wp-content\\\/uploads\\\/logo_opengraph.jpg\",\"contentUrl\":\"https:\\\/\\\/www.baumaniere.com\\\/wp-content\\\/uploads\\\/logo_opengraph.jpg\",\"width\":1920,\"height\":905,\"caption\":\"Baumani\u00e8re\"},\"image\":{\"@id\":\"https:\\\/\\\/www.baumaniere.com\\\/en\\\/#\\\/schema\\\/logo\\\/image\\\/\"}},{\"@type\":\"Person\",\"@id\":\"https:\\\/\\\/www.baumaniere.com\\\/en\\\/#\\\/schema\\\/person\\\/79b59fdecf1339a37f62674899bf7bf2\",\"name\":\"admin_contenu\"}]}<\/script>\n<!-- \/ Yoast SEO plugin. -->","yoast_head_json":{"title":"~ Christmas in Provence | Baumaniere 5-stars","description":"The 5* Hotel Baumani\u00e8re welcomes you to Les Baux-de-Provence for an exceptional Provencal Christmas. with gourmet dinner","robots":{"index":"index","follow":"follow","max-snippet":"max-snippet:-1","max-image-preview":"max-image-preview:large","max-video-preview":"max-video-preview:-1"},"canonical":"https:\/\/www.baumaniere.com\/en\/accommodation\/christmas-in-provence\/","og_locale":"en_US","og_type":"article","og_title":"~ Christmas in Provence | Baumaniere 5-stars","og_description":"The 5* Hotel Baumani\u00e8re welcomes you to Les Baux-de-Provence for an exceptional Provencal Christmas. with gourmet dinner","og_url":"https:\/\/www.baumaniere.com\/en\/accommodation\/christmas-in-provence\/","og_site_name":"Baumani\u00e8re","article_published_time":"2023-11-16T12:11:51+00:00","article_modified_time":"2024-12-04T10:50:07+00:00","og_image":[{"width":1920,"height":905,"url":"https:\/\/www.baumaniere.com\/wp-content\/uploads\/logo_opengraph.jpg","type":"image\/jpeg"}],"author":"admin_contenu","twitter_card":"summary_large_image","twitter_misc":{"Written by":"admin_contenu","Est. reading time":"10 minutes"},"schema":{"@context":"https:\/\/schema.org","@graph":[{"@type":"Article","@id":"https:\/\/www.baumaniere.com\/en\/accommodation\/christmas-in-provence\/#article","isPartOf":{"@id":"https:\/\/www.baumaniere.com\/en\/accommodation\/christmas-in-provence\/"},"author":{"name":"admin_contenu","@id":"https:\/\/www.baumaniere.com\/en\/#\/schema\/person\/79b59fdecf1339a37f62674899bf7bf2"},"headline":"Christmas in Provence !","datePublished":"2023-11-16T12:11:51+00:00","dateModified":"2024-12-04T10:50:07+00:00","mainEntityOfPage":{"@id":"https:\/\/www.baumaniere.com\/en\/accommodation\/christmas-in-provence\/"},"wordCount":1935,"publisher":{"@id":"https:\/\/www.baumaniere.com\/en\/#organization"},"articleSection":["Accommodation","Events","Gastronomy","News","Offers"],"inLanguage":"en-US"},{"@type":"WebPage","@id":"https:\/\/www.baumaniere.com\/en\/accommodation\/christmas-in-provence\/","url":"https:\/\/www.baumaniere.com\/en\/accommodation\/christmas-in-provence\/","name":"~ Christmas in Provence | Baumaniere 5-stars","isPartOf":{"@id":"https:\/\/www.baumaniere.com\/en\/#website"},"datePublished":"2023-11-16T12:11:51+00:00","dateModified":"2024-12-04T10:50:07+00:00","description":"The 5* Hotel Baumani\u00e8re welcomes you to Les Baux-de-Provence for an exceptional Provencal Christmas. with gourmet dinner","breadcrumb":{"@id":"https:\/\/www.baumaniere.com\/en\/accommodation\/christmas-in-provence\/#breadcrumb"},"inLanguage":"en-US","potentialAction":[{"@type":"ReadAction","target":["https:\/\/www.baumaniere.com\/en\/accommodation\/christmas-in-provence\/"]}]},{"@type":"BreadcrumbList","@id":"https:\/\/www.baumaniere.com\/en\/accommodation\/christmas-in-provence\/#breadcrumb","itemListElement":[{"@type":"ListItem","position":1,"name":"Accueil","item":"https:\/\/www.baumaniere.com\/en\/"},{"@type":"ListItem","position":2,"name":"Accommodation","item":"https:\/\/www.baumaniere.com\/en\/category\/accommodation\/"},{"@type":"ListItem","position":3,"name":"Christmas in Provence !"}]},{"@type":"WebSite","@id":"https:\/\/www.baumaniere.com\/en\/#website","url":"https:\/\/www.baumaniere.com\/en\/","name":"Baumani\u00e8re","description":"Les Baux de Provence","publisher":{"@id":"https:\/\/www.baumaniere.com\/en\/#organization"},"potentialAction":[{"@type":"SearchAction","target":{"@type":"EntryPoint","urlTemplate":"https:\/\/www.baumaniere.com\/en\/?s={search_term_string}"},"query-input":{"@type":"PropertyValueSpecification","valueRequired":true,"valueName":"search_term_string"}}],"inLanguage":"en-US"},{"@type":"Organization","@id":"https:\/\/www.baumaniere.com\/en\/#organization","name":"Baumani\u00e8re","url":"https:\/\/www.baumaniere.com\/en\/","logo":{"@type":"ImageObject","inLanguage":"en-US","@id":"https:\/\/www.baumaniere.com\/en\/#\/schema\/logo\/image\/","url":"https:\/\/www.baumaniere.com\/wp-content\/uploads\/logo_opengraph.jpg","contentUrl":"https:\/\/www.baumaniere.com\/wp-content\/uploads\/logo_opengraph.jpg","width":1920,"height":905,"caption":"Baumani\u00e8re"},"image":{"@id":"https:\/\/www.baumaniere.com\/en\/#\/schema\/logo\/image\/"}},{"@type":"Person","@id":"https:\/\/www.baumaniere.com\/en\/#\/schema\/person\/79b59fdecf1339a37f62674899bf7bf2","name":"admin_contenu"}]}},"_links":{"self":[{"href":"https:\/\/www.baumaniere.com\/en\/wp-json\/wp\/v2\/posts\/13019","targetHints":{"allow":["GET"]}}],"collection":[{"href":"https:\/\/www.baumaniere.com\/en\/wp-json\/wp\/v2\/posts"}],"about":[{"href":"https:\/\/www.baumaniere.com\/en\/wp-json\/wp\/v2\/types\/post"}],"author":[{"embeddable":true,"href":"https:\/\/www.baumaniere.com\/en\/wp-json\/wp\/v2\/users\/3"}],"replies":[{"embeddable":true,"href":"https:\/\/www.baumaniere.com\/en\/wp-json\/wp\/v2\/comments?post=13019"}],"version-history":[{"count":10,"href":"https:\/\/www.baumaniere.com\/en\/wp-json\/wp\/v2\/posts\/13019\/revisions"}],"predecessor-version":[{"id":27177,"href":"https:\/\/www.baumaniere.com\/en\/wp-json\/wp\/v2\/posts\/13019\/revisions\/27177"}],"wp:attachment":[{"href":"https:\/\/www.baumaniere.com\/en\/wp-json\/wp\/v2\/media?parent=13019"}],"wp:term":[{"taxonomy":"category","embeddable":true,"href":"https:\/\/www.baumaniere.com\/en\/wp-json\/wp\/v2\/categories?post=13019"},{"taxonomy":"post_tag","embeddable":true,"href":"https:\/\/www.baumaniere.com\/en\/wp-json\/wp\/v2\/tags?post=13019"}],"curies":[{"name":"wp","href":"https:\/\/api.w.org\/{rel}","templated":true}]}}